{"id":4203,"date":"2024-03-16T10:22:03","date_gmt":"2024-03-16T09:22:03","guid":{"rendered":"https:\/\/www.tondointeractive.com\/lance8\/?p=4203"},"modified":"2024-03-16T12:34:51","modified_gmt":"2024-03-16T11:34:51","slug":"tributo-a-un-trio-di-donne-che-si-chiama-giannetti-power-trio","status":"publish","type":"post","link":"http:\/\/www.tondointeractive.com\/lance8\/tributo-a-un-trio-di-donne-che-si-chiama-giannetti-power-trio\/","title":{"rendered":"Tributo a un trio di donne che si chiama : GIANNETTI POWER TRIO"},"content":{"rendered":"\n<p>Il 21 marzo prossimo, Nock Italia Radio torna sui passi di un mago della musica : Ettore Giannetti, classe 1928, 12 luglio esattamente, \u00e8 all&#8217;origine di una musica rivelata il 13 agosto 2020 su una piazzetta che appartiene alla chiesa, chiesa dove il dottor in farmacia Ettore Giannetti sposo&#8217; la professoressa Carmelina Galli, classe 1930, diventata Carmelina Giannetti\u2026 Il metodo di insegnamento della professoressa Giannetti \u00e8 stato trasmesso fino a Parigi\u2026 Con la trasmissione speciale del 21 marzo prossimo, alle 20 precise Nock Italia Radio permetter\u00e0 di ascoltare il risultato spettacolare del metodo inventato dalla professoressa Giannetti e che si fa chiamare Giannetti come suo marito e non Galli come suo pap\u00e0\u2026come lo dimostrano due campanelli della storica casa che si trova al numero 8 della via Passerini\u2026 La casa \u00e8 la propriet\u00e0 di tre donne che sono la professoressa Giannetti e le figlie Dora Maria e Antonella\u2026 Casa musicale, centro di formazione \u2026scuola ? cinema ? L&#8217;idea del NUOVO CINEMA VITTORIA viene da una riflessione contenuta nel C&#8217;ERAVAMO TANTO AMATI\u2026 film naturalmente festeggiato da Nock Italia Radio \u2026 Sono passati 50 anni \u2026 Che bello !<\/p>\n\n\n\n<p><\/p>\n\n\n\n<p>Il caff\u00e8 ! Del dottor&nbsp;Ettore Giannetti&nbsp;pianista. Mio pap\u00e0. Pianista Equilibrista Che fa suonare i Beatles Con Anna Magnani. Mi piacerebbe tanto. Questa notte\u2026<\/p>\n\n\n\n<p>Mi piacerebbe tanto raccontare per far ridere <br>Lyrics <br>Mi piacerebbe tanto raccontare per far ridere <br>by Vincent Tondo, Dora Giannetti, Antoine-Guillaume Tondo &amp; Jean-Pierre Bouquet ft. Antoine-Guillaume Tondo &amp; Jean-Pierre Bouquet <br>Song \u00b7 4:26 \u00b7 Italian <br>\u00a9 2022 Vincent Tondo<br><a href=\"https:\/\/www.jiosaavn.com\/lyrics\/mi-piacerebbe-tanto-raccontare-per-far-ridere-lyrics\/QS0KHDV8A1s\">Link verso JioSaavn ><\/a><\/p>\n\n\n\n<p><\/p>\n\n\n\n<p>Scrivi a all&#8217;etichetta Tondo Vincent, alla casa musicale denominata Casa Francesca Santarella &#8211; adesione al progetto che si rivolge ai giovani : euro. 50 <\/p>\n\n\n\n<p>N.B la casa musicale &#8220;Casa Santarella Francesca&#8221; \u00e8 un&#8217;associazione italiana creata da una persona che ha studiato il latino, il greco. La sua lingua madre \u00e8 il tedesco. Il ruolo di questa persona \u00e8 di realizzare delle riprese video che saranno riportate in un documentario trasmesso alla BnF Biblioteca nazionale di Francia. Questo project-film interattivo \u00e8 uno strumento che si rivolge agli insegnanti francesi e italiani. L&#8217;attivit\u00e0 di scrittura \u00e8 questa : adattare sotto forma poetica canzoni francesi in lingua italiana, adattare sotto forma poetica canzoni italiane in lingua francese. Esempio : Mi piacerebbe tanto raccontare per far ridere. Lo strumento \u00e8 stato pubblicato in formato Kindle sotto il titolo &#8220;YES oui S\u00cc YA YA &#8211; PACE E SALUTE : LIBERT\u00c0&#8221; : <a href=\"https:\/\/www.amazon.com\/dp\/B0CS82CVN1\/\">https:\/\/www.amazon.com\/dp\/B0CS82CVN1\/<\/a> ($14.99)  \u00c8 stato finalizzato il 24 dicembre 2023 con la presenza di Ivana, insegnante che conosce l&#8217;esistenza del brano &#8220;Nazar\u00e9 McCartney siamo re&#8221;. Per scaricare il brano in formato digitale : <br><br>&#8211; <a href=\"https:\/\/www.amazon.it\/piacerebbe-tanto-raccontare-far-ridere\/dp\/B09SQZKTS2\">Amazon ><\/a><br>e in formato fisico : <a href=\"http:\/\/www.corato.eu.com\/\">http:\/\/www.corato.eu.com\/<\/a> (euro. 50)<br><\/p>\n\n\n\n<p><strong>MI PIACEREBBE TANTO RACCONTARE PER FAR RIDERE<\/strong><\/p>\n\n\n\n<p>Mi piacerebbe tanto raccontare<\/p>\n\n\n\n<p>Per far<\/p>\n\n\n\n<p>Ridere e pensare<\/p>\n\n\n\n<p>La storia che vale tanto<\/p>\n\n\n\n<p>Questa storia:<\/p>\n\n\n\n<p>La storia del signor<\/p>\n\n\n\n<p>Secastigherebbe.<\/p>\n\n\n\n<p>Il signor<\/p>\n\n\n\n<p>Secastigherebbe<\/p>\n\n\n\n<p>Esiste realmente.<\/p>\n\n\n\n<p>Il suo sopranome<\/p>\n\n\n\n<p>\u00c8 un&#8217;invenzione<\/p>\n\n\n\n<p>Di Cicci vero nome<\/p>\n\n\n\n<p>Di una certa<\/p>\n\n\n\n<p>Carmelina che assomiglia<\/p>\n\n\n\n<p>Al personaggio della canzone<\/p>\n\n\n\n<p>Mariangelina.<\/p>\n\n\n\n<p>Oggi mi piacerebbe<\/p>\n\n\n\n<p>Tanto ridere<\/p>\n\n\n\n<p>Con l&#8217;inventrice<\/p>\n\n\n\n<p>Del personaggio Secastigherebbe<\/p>\n\n\n\n<p>Cosi&#8217; si potrebbe<\/p>\n\n\n\n<p>Andare a vivere<\/p>\n\n\n\n<p>In montagna<\/p>\n\n\n\n<p>Dove un 13 agosto \u00e8 nata l&#8217;ETTORE<\/p>\n\n\n\n<p>GIANNETTI<\/p>\n\n\n\n<p>BAND<\/p>\n\n\n\n<p>Qualche giorno prima<\/p>\n\n\n\n<p>Dell&#8217;esibizione<\/p>\n\n\n\n<p>Immaginaria di Pavese<\/p>\n\n\n\n<p>Con FAUSTO<\/p>\n\n\n\n<p>PAPETTI.<\/p>\n\n\n\n<p>Madonna come sarebbe bello<\/p>\n\n\n\n<p>Parlare con l&#8217;autrice di DIVINA MINA<\/p>\n\n\n\n<p>E cantare che il mare<\/p>\n\n\n\n<p>Sa accarezzare<\/p>\n\n\n\n<p>LA MER che tutti possiamo<\/p>\n\n\n\n<p>Vedere<\/p>\n\n\n\n<p>Danzare.<\/p>\n\n\n\n<p>Mi piacerebbe tanto<\/p>\n\n\n\n<p>Questa sera<\/p>\n\n\n\n<p>Mangiare gli spaghetti con Gianna<\/p>\n\n\n\n<p>Che sempre ha un Coccodrillo pronto.<\/p>\n\n\n\n<p>Un Coccodrillo e il caff\u00e8, il caff\u00e8? Il caff\u00e8!<\/p>\n\n\n\n<p>Del dottor Ettore Giannetti pianista<\/p>\n\n\n\n<p>Mio pap\u00e0<\/p>\n\n\n\n<p>Pianista<\/p>\n\n\n\n<p>Equilibrista<\/p>\n\n\n\n<p>Che fa suonare i Beatles<\/p>\n\n\n\n<p>Con Anna Magnani.<\/p>\n\n\n\n<p>Mi piacerebbe tanto<\/p>\n\n\n\n<p>Questa notte guardare te<\/p>\n\n\n\n<p>Guardare te<\/p>\n\n\n\n<p>Che guarderai<\/p>\n\n\n\n<p>Il cielo in una stanza<\/p>\n\n\n\n<p>Con me mi piacerebbe<\/p>\n\n\n\n<p>Tanto dire a tutti i signor<\/p>\n\n\n\n<p>Secastigherebbe<\/p>\n\n\n\n<p>Secastigherebbe adesso basta<\/p>\n\n\n\n<p>Adesso<\/p>\n\n\n\n<p>Basta!<\/p>\n\n\n\n<p>Oh yeah<\/p>\n\n\n\n<p>Oh yeah<\/p>\n\n\n\n<p>Listening to your Mamma<\/p>\n\n\n\n<p>I love you so<\/p>\n","protected":false},"excerpt":{"rendered":"<p>Il 21 marzo prossimo, Nock Italia Radio torna sui passi di un mago della musica : Ettore Giannetti, classe 1928, 12 luglio esattamente, \u00e8 all&#8217;origine di una musica rivelata il 13 agosto 2020 su una piazzetta che appartiene alla chiesa, chiesa dove il dottor in farmacia Ettore Giannetti sposo&#8217; la professoressa Carmelina Galli, classe 1930, [&hellip;]<\/p>\n","protected":false},"author":1,"featured_media":4207,"comment_status":"open","ping_status":"open","sticky":false,"template":"","format":"standard","meta":[],"categories":[51],"tags":[],"yoast_head":"<!-- This site is optimized with the Yoast SEO plugin v18.0 - https:\/\/yoast.com\/wordpress\/plugins\/seo\/ -->\n<meta name=\"robots\" content=\"index, follow, max-snippet:-1, max-image-preview:large, max-video-preview:-1\" \/>\n<link rel=\"canonical\" href=\"http:\/\/www.tondointeractive.com\/lance8\/tributo-a-un-trio-di-donne-che-si-chiama-giannetti-power-trio\/\" \/>\n<meta property=\"og:locale\" content=\"fr_FR\" \/>\n<meta property=\"og:type\" content=\"article\" \/>\n<meta property=\"og:title\" content=\"Tributo a un trio di donne che si chiama : GIANNETTI POWER TRIO - Centre culturel italo-fran\u00e7ais\" \/>\n<meta property=\"og:description\" content=\"Il 21 marzo prossimo, Nock Italia Radio torna sui passi di un mago della musica : Ettore Giannetti, classe 1928, 12 luglio esattamente, \u00e8 all&#8217;origine di una musica rivelata il 13 agosto 2020 su una piazzetta che appartiene alla chiesa, chiesa dove il dottor in farmacia Ettore Giannetti sposo&#8217; la professoressa Carmelina Galli, classe 1930, [&hellip;]\" \/>\n<meta property=\"og:url\" content=\"http:\/\/www.tondointeractive.com\/lance8\/tributo-a-un-trio-di-donne-che-si-chiama-giannetti-power-trio\/\" \/>\n<meta property=\"og:site_name\" content=\"Centre culturel italo-fran\u00e7ais\" \/>\n<meta property=\"article:published_time\" content=\"2024-03-16T09:22:03+00:00\" \/>\n<meta property=\"article:modified_time\" content=\"2024-03-16T11:34:51+00:00\" \/>\n<meta property=\"og:image\" content=\"http:\/\/www.tondointeractive.com\/lance8\/wp-content\/uploads\/IMG_20200821_162307-scaled.jpg\" \/>\n\t<meta property=\"og:image:width\" content=\"2560\" \/>\n\t<meta property=\"og:image:height\" content=\"1833\" \/>\n\t<meta property=\"og:image:type\" content=\"image\/jpeg\" \/>\n<meta name=\"twitter:card\" content=\"summary_large_image\" \/>\n<meta name=\"twitter:label1\" content=\"\u00c9crit par\" \/>\n\t<meta name=\"twitter:data1\" content=\"tondo\" \/>\n\t<meta name=\"twitter:label2\" content=\"Dur\u00e9e de lecture estim\u00e9e\" \/>\n\t<meta name=\"twitter:data2\" content=\"4 minutes\" \/>\n<script type=\"application\/ld+json\" class=\"yoast-schema-graph\">{\"@context\":\"https:\/\/schema.org\",\"@graph\":[{\"@type\":\"WebSite\",\"@id\":\"http:\/\/www.tondointeractive.com\/lance8\/#website\",\"url\":\"http:\/\/www.tondointeractive.com\/lance8\/\",\"name\":\"Centre culturel italo-fran\u00e7ais\",\"description\":\"\",\"potentialAction\":[{\"@type\":\"SearchAction\",\"target\":{\"@type\":\"EntryPoint\",\"urlTemplate\":\"http:\/\/www.tondointeractive.com\/lance8\/?s={search_term_string}\"},\"query-input\":\"required name=search_term_string\"}],\"inLanguage\":\"fr-FR\"},{\"@type\":\"ImageObject\",\"@id\":\"http:\/\/www.tondointeractive.com\/lance8\/tributo-a-un-trio-di-donne-che-si-chiama-giannetti-power-trio\/#primaryimage\",\"inLanguage\":\"fr-FR\",\"url\":\"http:\/\/www.tondointeractive.com\/lance8\/wp-content\/uploads\/IMG_20200821_162307-scaled.jpg\",\"contentUrl\":\"http:\/\/www.tondointeractive.com\/lance8\/wp-content\/uploads\/IMG_20200821_162307-scaled.jpg\",\"width\":2560,\"height\":1833,\"caption\":\"Exif_JPEG_420\"},{\"@type\":\"WebPage\",\"@id\":\"http:\/\/www.tondointeractive.com\/lance8\/tributo-a-un-trio-di-donne-che-si-chiama-giannetti-power-trio\/#webpage\",\"url\":\"http:\/\/www.tondointeractive.com\/lance8\/tributo-a-un-trio-di-donne-che-si-chiama-giannetti-power-trio\/\",\"name\":\"Tributo a un trio di donne che si chiama : GIANNETTI POWER TRIO - Centre culturel italo-fran\u00e7ais\",\"isPartOf\":{\"@id\":\"http:\/\/www.tondointeractive.com\/lance8\/#website\"},\"primaryImageOfPage\":{\"@id\":\"http:\/\/www.tondointeractive.com\/lance8\/tributo-a-un-trio-di-donne-che-si-chiama-giannetti-power-trio\/#primaryimage\"},\"datePublished\":\"2024-03-16T09:22:03+00:00\",\"dateModified\":\"2024-03-16T11:34:51+00:00\",\"author\":{\"@id\":\"http:\/\/www.tondointeractive.com\/lance8\/#\/schema\/person\/7486292797ff9d3d35eff2394b2f268e\"},\"breadcrumb\":{\"@id\":\"http:\/\/www.tondointeractive.com\/lance8\/tributo-a-un-trio-di-donne-che-si-chiama-giannetti-power-trio\/#breadcrumb\"},\"inLanguage\":\"fr-FR\",\"potentialAction\":[{\"@type\":\"ReadAction\",\"target\":[\"http:\/\/www.tondointeractive.com\/lance8\/tributo-a-un-trio-di-donne-che-si-chiama-giannetti-power-trio\/\"]}]},{\"@type\":\"BreadcrumbList\",\"@id\":\"http:\/\/www.tondointeractive.com\/lance8\/tributo-a-un-trio-di-donne-che-si-chiama-giannetti-power-trio\/#breadcrumb\",\"itemListElement\":[{\"@type\":\"ListItem\",\"position\":1,\"name\":\"Accueil\",\"item\":\"http:\/\/www.tondointeractive.com\/lance8\/\"},{\"@type\":\"ListItem\",\"position\":2,\"name\":\"Tributo a un trio di donne che si chiama : GIANNETTI POWER TRIO\"}]},{\"@type\":\"Person\",\"@id\":\"http:\/\/www.tondointeractive.com\/lance8\/#\/schema\/person\/7486292797ff9d3d35eff2394b2f268e\",\"name\":\"tondo\",\"image\":{\"@type\":\"ImageObject\",\"@id\":\"http:\/\/www.tondointeractive.com\/lance8\/#personlogo\",\"inLanguage\":\"fr-FR\",\"url\":\"http:\/\/2.gravatar.com\/avatar\/2c7d7b4a0346f83013c7c22505bcaec6?s=96&d=mm&r=g\",\"contentUrl\":\"http:\/\/2.gravatar.com\/avatar\/2c7d7b4a0346f83013c7c22505bcaec6?s=96&d=mm&r=g\",\"caption\":\"tondo\"},\"url\":\"http:\/\/www.tondointeractive.com\/lance8\/author\/tondo\/\"}]}<\/script>\n<!-- \/ Yoast SEO plugin. -->","yoast_head_json":{"robots":{"index":"index","follow":"follow","max-snippet":"max-snippet:-1","max-image-preview":"max-image-preview:large","max-video-preview":"max-video-preview:-1"},"canonical":"http:\/\/www.tondointeractive.com\/lance8\/tributo-a-un-trio-di-donne-che-si-chiama-giannetti-power-trio\/","og_locale":"fr_FR","og_type":"article","og_title":"Tributo a un trio di donne che si chiama : GIANNETTI POWER TRIO - Centre culturel italo-fran\u00e7ais","og_description":"Il 21 marzo prossimo, Nock Italia Radio torna sui passi di un mago della musica : Ettore Giannetti, classe 1928, 12 luglio esattamente, \u00e8 all&#8217;origine di una musica rivelata il 13 agosto 2020 su una piazzetta che appartiene alla chiesa, chiesa dove il dottor in farmacia Ettore Giannetti sposo&#8217; la professoressa Carmelina Galli, classe 1930, [&hellip;]","og_url":"http:\/\/www.tondointeractive.com\/lance8\/tributo-a-un-trio-di-donne-che-si-chiama-giannetti-power-trio\/","og_site_name":"Centre culturel italo-fran\u00e7ais","article_published_time":"2024-03-16T09:22:03+00:00","article_modified_time":"2024-03-16T11:34:51+00:00","og_image":[{"width":2560,"height":1833,"url":"http:\/\/www.tondointeractive.com\/lance8\/wp-content\/uploads\/IMG_20200821_162307-scaled.jpg","type":"image\/jpeg"}],"twitter_card":"summary_large_image","twitter_misc":{"\u00c9crit par":"tondo","Dur\u00e9e de lecture estim\u00e9e":"4 minutes"},"schema":{"@context":"https:\/\/schema.org","@graph":[{"@type":"WebSite","@id":"http:\/\/www.tondointeractive.com\/lance8\/#website","url":"http:\/\/www.tondointeractive.com\/lance8\/","name":"Centre culturel italo-fran\u00e7ais","description":"","potentialAction":[{"@type":"SearchAction","target":{"@type":"EntryPoint","urlTemplate":"http:\/\/www.tondointeractive.com\/lance8\/?s={search_term_string}"},"query-input":"required name=search_term_string"}],"inLanguage":"fr-FR"},{"@type":"ImageObject","@id":"http:\/\/www.tondointeractive.com\/lance8\/tributo-a-un-trio-di-donne-che-si-chiama-giannetti-power-trio\/#primaryimage","inLanguage":"fr-FR","url":"http:\/\/www.tondointeractive.com\/lance8\/wp-content\/uploads\/IMG_20200821_162307-scaled.jpg","contentUrl":"http:\/\/www.tondointeractive.com\/lance8\/wp-content\/uploads\/IMG_20200821_162307-scaled.jpg","width":2560,"height":1833,"caption":"Exif_JPEG_420"},{"@type":"WebPage","@id":"http:\/\/www.tondointeractive.com\/lance8\/tributo-a-un-trio-di-donne-che-si-chiama-giannetti-power-trio\/#webpage","url":"http:\/\/www.tondointeractive.com\/lance8\/tributo-a-un-trio-di-donne-che-si-chiama-giannetti-power-trio\/","name":"Tributo a un trio di donne che si chiama : GIANNETTI POWER TRIO - Centre culturel italo-fran\u00e7ais","isPartOf":{"@id":"http:\/\/www.tondointeractive.com\/lance8\/#website"},"primaryImageOfPage":{"@id":"http:\/\/www.tondointeractive.com\/lance8\/tributo-a-un-trio-di-donne-che-si-chiama-giannetti-power-trio\/#primaryimage"},"datePublished":"2024-03-16T09:22:03+00:00","dateModified":"2024-03-16T11:34:51+00:00","author":{"@id":"http:\/\/www.tondointeractive.com\/lance8\/#\/schema\/person\/7486292797ff9d3d35eff2394b2f268e"},"breadcrumb":{"@id":"http:\/\/www.tondointeractive.com\/lance8\/tributo-a-un-trio-di-donne-che-si-chiama-giannetti-power-trio\/#breadcrumb"},"inLanguage":"fr-FR","potentialAction":[{"@type":"ReadAction","target":["http:\/\/www.tondointeractive.com\/lance8\/tributo-a-un-trio-di-donne-che-si-chiama-giannetti-power-trio\/"]}]},{"@type":"BreadcrumbList","@id":"http:\/\/www.tondointeractive.com\/lance8\/tributo-a-un-trio-di-donne-che-si-chiama-giannetti-power-trio\/#breadcrumb","itemListElement":[{"@type":"ListItem","position":1,"name":"Accueil","item":"http:\/\/www.tondointeractive.com\/lance8\/"},{"@type":"ListItem","position":2,"name":"Tributo a un trio di donne che si chiama : GIANNETTI POWER TRIO"}]},{"@type":"Person","@id":"http:\/\/www.tondointeractive.com\/lance8\/#\/schema\/person\/7486292797ff9d3d35eff2394b2f268e","name":"tondo","image":{"@type":"ImageObject","@id":"http:\/\/www.tondointeractive.com\/lance8\/#personlogo","inLanguage":"fr-FR","url":"http:\/\/2.gravatar.com\/avatar\/2c7d7b4a0346f83013c7c22505bcaec6?s=96&d=mm&r=g","contentUrl":"http:\/\/2.gravatar.com\/avatar\/2c7d7b4a0346f83013c7c22505bcaec6?s=96&d=mm&r=g","caption":"tondo"},"url":"http:\/\/www.tondointeractive.com\/lance8\/author\/tondo\/"}]}},"_links":{"self":[{"href":"http:\/\/www.tondointeractive.com\/lance8\/wp-json\/wp\/v2\/posts\/4203"}],"collection":[{"href":"http:\/\/www.tondointeractive.com\/lance8\/wp-json\/wp\/v2\/posts"}],"about":[{"href":"http:\/\/www.tondointeractive.com\/lance8\/wp-json\/wp\/v2\/types\/post"}],"author":[{"embeddable":true,"href":"http:\/\/www.tondointeractive.com\/lance8\/wp-json\/wp\/v2\/users\/1"}],"replies":[{"embeddable":true,"href":"http:\/\/www.tondointeractive.com\/lance8\/wp-json\/wp\/v2\/comments?post=4203"}],"version-history":[{"count":15,"href":"http:\/\/www.tondointeractive.com\/lance8\/wp-json\/wp\/v2\/posts\/4203\/revisions"}],"predecessor-version":[{"id":4227,"href":"http:\/\/www.tondointeractive.com\/lance8\/wp-json\/wp\/v2\/posts\/4203\/revisions\/4227"}],"wp:featuredmedia":[{"embeddable":true,"href":"http:\/\/www.tondointeractive.com\/lance8\/wp-json\/wp\/v2\/media\/4207"}],"wp:attachment":[{"href":"http:\/\/www.tondointeractive.com\/lance8\/wp-json\/wp\/v2\/media?parent=4203"}],"wp:term":[{"taxonomy":"category","embeddable":true,"href":"http:\/\/www.tondointeractive.com\/lance8\/wp-json\/wp\/v2\/categories?post=4203"},{"taxonomy":"post_tag","embeddable":true,"href":"http:\/\/www.tondointeractive.com\/lance8\/wp-json\/wp\/v2\/tags?post=4203"}],"curies":[{"name":"wp","href":"https:\/\/api.w.org\/{rel}","templated":true}]}}