{"id":4044,"date":"2023-12-27T13:13:14","date_gmt":"2023-12-27T12:13:14","guid":{"rendered":"https:\/\/www.tondointeractive.com\/lance8\/?p=4044"},"modified":"2023-12-27T13:16:19","modified_gmt":"2023-12-27T12:16:19","slug":"le-retour-du-slow-time","status":"publish","type":"post","link":"http:\/\/www.tondointeractive.com\/lance8\/le-retour-du-slow-time\/","title":{"rendered":"Le retour du slow time"},"content":{"rendered":"\n<p>\u00c0 la mani\u00e8re de Michel Drucker au temps de LA GRANDE PARADE &#8220;La petite troupe Tondo and Co&#8221; propose un divertissement dans un th\u00e9\u00e2tre qui consiste \u00e0 visionner une vid\u00e9ate r\u00e9alis\u00e9e \u00e0 partir d&#8217;apparitions publiques dans un &#8220;endroit qui ressemble \u00e0 l&#8217;Italie&#8221; &#8211; sic Nino Nino Ferrer. &#8220;I Tondo and Co sono portatori di un sound ricco di emozionanti messaggi di pace e amore&#8221; -cf. Trascrizione letterale della intervista trasmessa nel Telesveva notizie &#8211; <a href=\"https:\/\/www.radioidea.it\/intervistaTelesveva.htm\">lien ><\/a> &#8211;  &#8230; Cette affirmation se passe de traduction. En effet, Tondo and Co, pr\u00e8s de 20 ans apr\u00e8s son apparition publique \u00e0 Molfetta, est toujours pr\u00e9sente, prouvant ainsi que le dieu de la paix est du bonheur, s&#8217;appelle pr\u00e9sence. Les spectateurs de toutes les g\u00e9n\u00e9rations rient et chantent se mettent \u00e0 danser le slow, comme on le faisait dans les ann\u00e9es 70, sur le disque de Sophie Daumier et Guy Bedos : La drague.<\/p>\n\n\n\n<p><\/p>\n\n\n\n<p><\/p>\n\n\n\n<p><strong>Trascrizione letterale della intervista trasmessa nel Telesveva notizie di Venerd\u00ec 30 Luglio 2004 ore 14.15 19.30 17.30 22.30 24.00 e la notte dalle 3.00 alle 8.00<\/strong><\/p>\n\n\n\n<p><strong><em>(Giornalista di Tele Sveva)<\/em><\/strong>&nbsp;Portare la musica &nbsp;e i dialetti Pugliesi in Francia, terra da cui in parte provengono, sono i&nbsp;<strong>&nbsp;TondoAndCo<\/strong>.<\/p>\n\n\n\n<p>Questo il significato del loro spettacolo.<\/p>\n\n\n\n<p>Il gruppo si \u00e8 esibito al &nbsp;<strong>Festival Musicale \u201cDisco Novit\u00e0\u201d (24 luglio 2004)<\/strong>&nbsp;organizzato&nbsp;<strong>a Molfetta&nbsp;<\/strong>da&nbsp;<strong>Radio Idea<\/strong>.<\/p>\n\n\n\n<p>Provengono dalla Francia ed hanno portato in&nbsp;<strong>Puglia<\/strong>&nbsp;esibendosi anche a&nbsp;<strong>Molfetta<\/strong>&nbsp;nella terza edizione del festival nazionale disco novit\u00e0 realizzato da&nbsp;<strong>Radio Idea<\/strong>.<\/p>\n\n\n\n<p>Sono i&nbsp;<strong>TondoAndoCo<\/strong>&nbsp;portatori di un sound ricco di emozionanti messaggi di pace ed amore. Ci\u00f2 che il pubblico apprezza di loro \u00e8 il susseguirsi con la chitarra di estemporanee interpretazioni dei grandi standard musicali dal blues al rock agli indimenticabili&nbsp;<strong>Beatles<\/strong>.<\/p>\n\n\n\n<p>Un gruppo familiare costituito da: padre, madre ed un bimbo di dieci anni &nbsp;che nelle proprie interpretazioni mira ad unire due culture diverse: quella&nbsp;<strong>Francese<\/strong>,&nbsp;<strong>Italiana<\/strong>, molto vicine all\u2019idioma dialettale che riesce a sopravvivere come unica radice.<\/p>\n\n\n\n<p><strong><em>(Vincent Tondo)<\/em><\/strong><em>&nbsp;Le nostre canzoni si presentano come moduli\u2026 Ci sono 64 moduli, si inseriscono nei piani istituzionali europei cio\u00e8 finanziati dal fondo sociale\u2026 Il nostro gruppo \u00e8 rappresentato d a un &nbsp;ragazzo che si occupa della messa in scena, che v\u00e0 a scuola nello spettacolo.. in questo concetto, da un professore (che \u00e8 qua alla mia sinistra) da un giovane ventenne e da uno specialista delle nuove tecnologie. Io sono uno dei cantanti ed uno dei compositori perch\u00e9 cantiamo tutti.<\/em><\/p>\n\n\n\n<p><strong><em>(Giornalista di Tele Sveva)<\/em><\/strong>&nbsp;Un obbiettivo a cui mirano &nbsp;\u00e8 quello di realizzare una compilation originale unendo i diversi dialetti&nbsp;<strong>Pugliesi<\/strong>&nbsp;per poi portarli in&nbsp;<strong>Francia<\/strong>&nbsp;e negli altri&nbsp;<strong>Paesi Europei.<\/strong><\/p>\n\n\n\n<p><strong><em>(Vincent Tondo)<\/em><\/strong><em>&nbsp;Noi abbiamo pensato di contattare i pi\u00f9 grandi capi d\u2019orchestra del mondo coinvolgendoli in ogni canzone. Si tratta di un viaggio in questi 64 pezzi che sono arrangiati ad esempio dal capo d\u2019orchestra di&nbsp;<strong>Aznavour<\/strong>, &nbsp;dal chitarrista di&nbsp;<strong>Gabriel<\/strong>\u2026e cos\u00ec tramite i musicisti, magari un discografico importante si interessa alla vicenda\u2026 e anche avremmo concerti\u2026<\/em><\/p>\n","protected":false},"excerpt":{"rendered":"<p>\u00c0 la mani\u00e8re de Michel Drucker au temps de LA GRANDE PARADE &#8220;La petite troupe Tondo and Co&#8221; propose un divertissement dans un th\u00e9\u00e2tre qui consiste \u00e0 visionner une vid\u00e9ate r\u00e9alis\u00e9e \u00e0 partir d&#8217;apparitions publiques dans un &#8220;endroit qui ressemble \u00e0 l&#8217;Italie&#8221; &#8211; sic Nino Nino Ferrer. &#8220;I Tondo and Co sono portatori di un [&hellip;]<\/p>\n","protected":false},"author":1,"featured_media":0,"comment_status":"open","ping_status":"open","sticky":false,"template":"","format":"standard","meta":[],"categories":[51],"tags":[],"yoast_head":"<!-- This site is optimized with the Yoast SEO plugin v18.0 - https:\/\/yoast.com\/wordpress\/plugins\/seo\/ -->\n<meta name=\"robots\" content=\"index, follow, max-snippet:-1, max-image-preview:large, max-video-preview:-1\" \/>\n<link rel=\"canonical\" href=\"https:\/\/www.tondointeractive.com\/lance8\/le-retour-du-slow-time\/\" \/>\n<meta property=\"og:locale\" content=\"fr_FR\" \/>\n<meta property=\"og:type\" content=\"article\" \/>\n<meta property=\"og:title\" content=\"Le retour du slow time - Centre culturel italo-fran\u00e7ais\" \/>\n<meta property=\"og:description\" content=\"\u00c0 la mani\u00e8re de Michel Drucker au temps de LA GRANDE PARADE &#8220;La petite troupe Tondo and Co&#8221; propose un divertissement dans un th\u00e9\u00e2tre qui consiste \u00e0 visionner une vid\u00e9ate r\u00e9alis\u00e9e \u00e0 partir d&#8217;apparitions publiques dans un &#8220;endroit qui ressemble \u00e0 l&#8217;Italie&#8221; &#8211; sic Nino Nino Ferrer. &#8220;I Tondo and Co sono portatori di un [&hellip;]\" \/>\n<meta property=\"og:url\" content=\"https:\/\/www.tondointeractive.com\/lance8\/le-retour-du-slow-time\/\" \/>\n<meta property=\"og:site_name\" content=\"Centre culturel italo-fran\u00e7ais\" \/>\n<meta property=\"article:published_time\" content=\"2023-12-27T12:13:14+00:00\" \/>\n<meta property=\"article:modified_time\" content=\"2023-12-27T12:16:19+00:00\" \/>\n<meta name=\"twitter:card\" content=\"summary_large_image\" \/>\n<meta name=\"twitter:label1\" content=\"\u00c9crit par\" \/>\n\t<meta name=\"twitter:data1\" content=\"tondo\" \/>\n\t<meta name=\"twitter:label2\" content=\"Dur\u00e9e de lecture estim\u00e9e\" \/>\n\t<meta name=\"twitter:data2\" content=\"3 minutes\" \/>\n<script type=\"application\/ld+json\" class=\"yoast-schema-graph\">{\"@context\":\"https:\/\/schema.org\",\"@graph\":[{\"@type\":\"WebSite\",\"@id\":\"http:\/\/www.tondointeractive.com\/lance8\/#website\",\"url\":\"http:\/\/www.tondointeractive.com\/lance8\/\",\"name\":\"Centre culturel italo-fran\u00e7ais\",\"description\":\"\",\"potentialAction\":[{\"@type\":\"SearchAction\",\"target\":{\"@type\":\"EntryPoint\",\"urlTemplate\":\"http:\/\/www.tondointeractive.com\/lance8\/?s={search_term_string}\"},\"query-input\":\"required name=search_term_string\"}],\"inLanguage\":\"fr-FR\"},{\"@type\":\"WebPage\",\"@id\":\"https:\/\/www.tondointeractive.com\/lance8\/le-retour-du-slow-time\/#webpage\",\"url\":\"https:\/\/www.tondointeractive.com\/lance8\/le-retour-du-slow-time\/\",\"name\":\"Le retour du slow time - Centre culturel italo-fran\u00e7ais\",\"isPartOf\":{\"@id\":\"http:\/\/www.tondointeractive.com\/lance8\/#website\"},\"datePublished\":\"2023-12-27T12:13:14+00:00\",\"dateModified\":\"2023-12-27T12:16:19+00:00\",\"author\":{\"@id\":\"http:\/\/www.tondointeractive.com\/lance8\/#\/schema\/person\/7486292797ff9d3d35eff2394b2f268e\"},\"breadcrumb\":{\"@id\":\"https:\/\/www.tondointeractive.com\/lance8\/le-retour-du-slow-time\/#breadcrumb\"},\"inLanguage\":\"fr-FR\",\"potentialAction\":[{\"@type\":\"ReadAction\",\"target\":[\"https:\/\/www.tondointeractive.com\/lance8\/le-retour-du-slow-time\/\"]}]},{\"@type\":\"BreadcrumbList\",\"@id\":\"https:\/\/www.tondointeractive.com\/lance8\/le-retour-du-slow-time\/#breadcrumb\",\"itemListElement\":[{\"@type\":\"ListItem\",\"position\":1,\"name\":\"Accueil\",\"item\":\"http:\/\/www.tondointeractive.com\/lance8\/\"},{\"@type\":\"ListItem\",\"position\":2,\"name\":\"Le retour du slow time\"}]},{\"@type\":\"Person\",\"@id\":\"http:\/\/www.tondointeractive.com\/lance8\/#\/schema\/person\/7486292797ff9d3d35eff2394b2f268e\",\"name\":\"tondo\",\"image\":{\"@type\":\"ImageObject\",\"@id\":\"http:\/\/www.tondointeractive.com\/lance8\/#personlogo\",\"inLanguage\":\"fr-FR\",\"url\":\"http:\/\/2.gravatar.com\/avatar\/2c7d7b4a0346f83013c7c22505bcaec6?s=96&d=mm&r=g\",\"contentUrl\":\"http:\/\/2.gravatar.com\/avatar\/2c7d7b4a0346f83013c7c22505bcaec6?s=96&d=mm&r=g\",\"caption\":\"tondo\"},\"url\":\"http:\/\/www.tondointeractive.com\/lance8\/author\/tondo\/\"}]}<\/script>\n<!-- \/ Yoast SEO plugin. -->","yoast_head_json":{"robots":{"index":"index","follow":"follow","max-snippet":"max-snippet:-1","max-image-preview":"max-image-preview:large","max-video-preview":"max-video-preview:-1"},"canonical":"https:\/\/www.tondointeractive.com\/lance8\/le-retour-du-slow-time\/","og_locale":"fr_FR","og_type":"article","og_title":"Le retour du slow time - Centre culturel italo-fran\u00e7ais","og_description":"\u00c0 la mani\u00e8re de Michel Drucker au temps de LA GRANDE PARADE &#8220;La petite troupe Tondo and Co&#8221; propose un divertissement dans un th\u00e9\u00e2tre qui consiste \u00e0 visionner une vid\u00e9ate r\u00e9alis\u00e9e \u00e0 partir d&#8217;apparitions publiques dans un &#8220;endroit qui ressemble \u00e0 l&#8217;Italie&#8221; &#8211; sic Nino Nino Ferrer. &#8220;I Tondo and Co sono portatori di un [&hellip;]","og_url":"https:\/\/www.tondointeractive.com\/lance8\/le-retour-du-slow-time\/","og_site_name":"Centre culturel italo-fran\u00e7ais","article_published_time":"2023-12-27T12:13:14+00:00","article_modified_time":"2023-12-27T12:16:19+00:00","twitter_card":"summary_large_image","twitter_misc":{"\u00c9crit par":"tondo","Dur\u00e9e de lecture estim\u00e9e":"3 minutes"},"schema":{"@context":"https:\/\/schema.org","@graph":[{"@type":"WebSite","@id":"http:\/\/www.tondointeractive.com\/lance8\/#website","url":"http:\/\/www.tondointeractive.com\/lance8\/","name":"Centre culturel italo-fran\u00e7ais","description":"","potentialAction":[{"@type":"SearchAction","target":{"@type":"EntryPoint","urlTemplate":"http:\/\/www.tondointeractive.com\/lance8\/?s={search_term_string}"},"query-input":"required name=search_term_string"}],"inLanguage":"fr-FR"},{"@type":"WebPage","@id":"https:\/\/www.tondointeractive.com\/lance8\/le-retour-du-slow-time\/#webpage","url":"https:\/\/www.tondointeractive.com\/lance8\/le-retour-du-slow-time\/","name":"Le retour du slow time - Centre culturel italo-fran\u00e7ais","isPartOf":{"@id":"http:\/\/www.tondointeractive.com\/lance8\/#website"},"datePublished":"2023-12-27T12:13:14+00:00","dateModified":"2023-12-27T12:16:19+00:00","author":{"@id":"http:\/\/www.tondointeractive.com\/lance8\/#\/schema\/person\/7486292797ff9d3d35eff2394b2f268e"},"breadcrumb":{"@id":"https:\/\/www.tondointeractive.com\/lance8\/le-retour-du-slow-time\/#breadcrumb"},"inLanguage":"fr-FR","potentialAction":[{"@type":"ReadAction","target":["https:\/\/www.tondointeractive.com\/lance8\/le-retour-du-slow-time\/"]}]},{"@type":"BreadcrumbList","@id":"https:\/\/www.tondointeractive.com\/lance8\/le-retour-du-slow-time\/#breadcrumb","itemListElement":[{"@type":"ListItem","position":1,"name":"Accueil","item":"http:\/\/www.tondointeractive.com\/lance8\/"},{"@type":"ListItem","position":2,"name":"Le retour du slow time"}]},{"@type":"Person","@id":"http:\/\/www.tondointeractive.com\/lance8\/#\/schema\/person\/7486292797ff9d3d35eff2394b2f268e","name":"tondo","image":{"@type":"ImageObject","@id":"http:\/\/www.tondointeractive.com\/lance8\/#personlogo","inLanguage":"fr-FR","url":"http:\/\/2.gravatar.com\/avatar\/2c7d7b4a0346f83013c7c22505bcaec6?s=96&d=mm&r=g","contentUrl":"http:\/\/2.gravatar.com\/avatar\/2c7d7b4a0346f83013c7c22505bcaec6?s=96&d=mm&r=g","caption":"tondo"},"url":"http:\/\/www.tondointeractive.com\/lance8\/author\/tondo\/"}]}},"_links":{"self":[{"href":"http:\/\/www.tondointeractive.com\/lance8\/wp-json\/wp\/v2\/posts\/4044"}],"collection":[{"href":"http:\/\/www.tondointeractive.com\/lance8\/wp-json\/wp\/v2\/posts"}],"about":[{"href":"http:\/\/www.tondointeractive.com\/lance8\/wp-json\/wp\/v2\/types\/post"}],"author":[{"embeddable":true,"href":"http:\/\/www.tondointeractive.com\/lance8\/wp-json\/wp\/v2\/users\/1"}],"replies":[{"embeddable":true,"href":"http:\/\/www.tondointeractive.com\/lance8\/wp-json\/wp\/v2\/comments?post=4044"}],"version-history":[{"count":3,"href":"http:\/\/www.tondointeractive.com\/lance8\/wp-json\/wp\/v2\/posts\/4044\/revisions"}],"predecessor-version":[{"id":4047,"href":"http:\/\/www.tondointeractive.com\/lance8\/wp-json\/wp\/v2\/posts\/4044\/revisions\/4047"}],"wp:attachment":[{"href":"http:\/\/www.tondointeractive.com\/lance8\/wp-json\/wp\/v2\/media?parent=4044"}],"wp:term":[{"taxonomy":"category","embeddable":true,"href":"http:\/\/www.tondointeractive.com\/lance8\/wp-json\/wp\/v2\/categories?post=4044"},{"taxonomy":"post_tag","embeddable":true,"href":"http:\/\/www.tondointeractive.com\/lance8\/wp-json\/wp\/v2\/tags?post=4044"}],"curies":[{"name":"wp","href":"https:\/\/api.w.org\/{rel}","templated":true}]}}