{"id":4038,"date":"2023-12-26T16:44:17","date_gmt":"2023-12-26T15:44:17","guid":{"rendered":"https:\/\/www.tondointeractive.com\/lance8\/?p=4038"},"modified":"2023-12-26T19:31:07","modified_gmt":"2023-12-26T18:31:07","slug":"tondo-al-baladin-15-giugno-2004","status":"publish","type":"post","link":"http:\/\/www.tondointeractive.com\/lance8\/tondo-al-baladin-15-giugno-2004\/","title":{"rendered":"Tondo al Baladin (15 giugno 2004)"},"content":{"rendered":"\n<p>Il gruppo Tondo and Co sar\u00e0 al baladin per un concerto eccezionale.<br>TORCY: Concerto eccezionale marted\u00ec 15 giugno: Tondo e Co al Baladin.Il music caf\u00e9 Baladin si prepara a fare grande scalpore marted\u00ec 15 giugno, alle ore 20, con l&#8217;arrivo del gruppo \u201cTondo and Co\u201d per un concerto d&#8217;eccezione.&nbsp;Si tratta di un nuovo concetto di spettacolo interattivo che fa riferimento al cinema, alla televisione e rende omaggio alla pittura attraverso la nuova canzone franco-italiana.&nbsp;Il suo leader Tondo \u00e8 sul palco per difendere le canzoni di un gruppo che porta il suo cognome.&nbsp;La sua voce \u00e8 la pi\u00f9 italiana del gruppo.&nbsp;La sua padronanza degli accenti regionali italiani e francesi, unita a quella delle lingue letterarie &#8211; francese e italiano &#8211; gli consentono una grande libert\u00e0 e una resa adattata allo stile melodico delle canzoni che compone.&nbsp;Autenticamente francese e italiano, americano e inglese, Tondo produce canzoni da ascoltare ma anche da ballare.&nbsp;Nell&#8217;album \u201ctondo mondo\u201d opta per l&#8217;estrema riduzione (cantante solista a cappella, orchestra limitata ad una sola chitarra ritmica, armonizzazione di base, ecc.): \u00e8 la melodia che comanda, e su questa melodia ci ritroviamo a cantare sotto la doccia indipendentemente dal fatto che comprendiamo o meno il testo che lo supporta.&nbsp;Sul palco la musica cambia a seconda dei musicisti che partecipano al concerto.&nbsp;In televisione Tondo ama particolarmente esibirsi \u201cdal vivo\u201d.&nbsp;Cos\u00ec lo abbiamo visto su France 2 presentare un estratto la cui melodia e testo sono di Nino Ferrer.&nbsp;Lo abbiamo visto cantare fedelmente \u201cImagine\u201d e in occasione dell&#8217;uscita del suo singolo intitolato \u201cSingle\u201d trasmesso in prima mondiale dalla BBC.&nbsp;Uno spettacolo da non perdere per nessun motivo questo marted\u00ec 15 giugno al Baladin.&nbsp;<\/p>\n","protected":false},"excerpt":{"rendered":"<p>Il gruppo Tondo and Co sar\u00e0 al baladin per un concerto eccezionale.TORCY: Concerto eccezionale marted\u00ec 15 giugno: Tondo e Co al Baladin.Il music caf\u00e9 Baladin si prepara a fare grande scalpore marted\u00ec 15 giugno, alle ore 20, con l&#8217;arrivo del gruppo \u201cTondo and Co\u201d per un concerto d&#8217;eccezione.&nbsp;Si tratta di un nuovo concetto di spettacolo [&hellip;]<\/p>\n","protected":false},"author":1,"featured_media":4039,"comment_status":"open","ping_status":"open","sticky":false,"template":"","format":"standard","meta":[],"categories":[51],"tags":[],"yoast_head":"<!-- This site is optimized with the Yoast SEO plugin v18.0 - https:\/\/yoast.com\/wordpress\/plugins\/seo\/ -->\n<meta name=\"robots\" content=\"index, follow, max-snippet:-1, max-image-preview:large, max-video-preview:-1\" \/>\n<link rel=\"canonical\" href=\"http:\/\/www.tondointeractive.com\/lance8\/tondo-al-baladin-15-giugno-2004\/\" \/>\n<meta property=\"og:locale\" content=\"fr_FR\" \/>\n<meta property=\"og:type\" content=\"article\" \/>\n<meta property=\"og:title\" content=\"Tondo al Baladin (15 giugno 2004) - Centre culturel italo-fran\u00e7ais\" \/>\n<meta property=\"og:description\" content=\"Il gruppo Tondo and Co sar\u00e0 al baladin per un concerto eccezionale.TORCY: Concerto eccezionale marted\u00ec 15 giugno: Tondo e Co al Baladin.Il music caf\u00e9 Baladin si prepara a fare grande scalpore marted\u00ec 15 giugno, alle ore 20, con l&#8217;arrivo del gruppo \u201cTondo and Co\u201d per un concerto d&#8217;eccezione.&nbsp;Si tratta di un nuovo concetto di spettacolo [&hellip;]\" \/>\n<meta property=\"og:url\" content=\"http:\/\/www.tondointeractive.com\/lance8\/tondo-al-baladin-15-giugno-2004\/\" \/>\n<meta property=\"og:site_name\" content=\"Centre culturel italo-fran\u00e7ais\" \/>\n<meta property=\"article:published_time\" content=\"2023-12-26T15:44:17+00:00\" \/>\n<meta property=\"article:modified_time\" content=\"2023-12-26T18:31:07+00:00\" \/>\n<meta property=\"og:image\" content=\"http:\/\/www.tondointeractive.com\/lance8\/wp-content\/uploads\/torbaladintondo-06-2004.jpg\" \/>\n\t<meta property=\"og:image:width\" content=\"976\" \/>\n\t<meta property=\"og:image:height\" content=\"568\" \/>\n\t<meta property=\"og:image:type\" content=\"image\/jpeg\" \/>\n<meta name=\"twitter:card\" content=\"summary_large_image\" \/>\n<meta name=\"twitter:label1\" content=\"\u00c9crit par\" \/>\n\t<meta name=\"twitter:data1\" content=\"tondo\" \/>\n\t<meta name=\"twitter:label2\" content=\"Dur\u00e9e de lecture estim\u00e9e\" \/>\n\t<meta name=\"twitter:data2\" content=\"2 minutes\" \/>\n<script type=\"application\/ld+json\" class=\"yoast-schema-graph\">{\"@context\":\"https:\/\/schema.org\",\"@graph\":[{\"@type\":\"WebSite\",\"@id\":\"http:\/\/www.tondointeractive.com\/lance8\/#website\",\"url\":\"http:\/\/www.tondointeractive.com\/lance8\/\",\"name\":\"Centre culturel italo-fran\u00e7ais\",\"description\":\"\",\"potentialAction\":[{\"@type\":\"SearchAction\",\"target\":{\"@type\":\"EntryPoint\",\"urlTemplate\":\"http:\/\/www.tondointeractive.com\/lance8\/?s={search_term_string}\"},\"query-input\":\"required name=search_term_string\"}],\"inLanguage\":\"fr-FR\"},{\"@type\":\"ImageObject\",\"@id\":\"http:\/\/www.tondointeractive.com\/lance8\/tondo-al-baladin-15-giugno-2004\/#primaryimage\",\"inLanguage\":\"fr-FR\",\"url\":\"http:\/\/www.tondointeractive.com\/lance8\/wp-content\/uploads\/torbaladintondo-06-2004.jpg\",\"contentUrl\":\"http:\/\/www.tondointeractive.com\/lance8\/wp-content\/uploads\/torbaladintondo-06-2004.jpg\",\"width\":976,\"height\":568},{\"@type\":\"WebPage\",\"@id\":\"http:\/\/www.tondointeractive.com\/lance8\/tondo-al-baladin-15-giugno-2004\/#webpage\",\"url\":\"http:\/\/www.tondointeractive.com\/lance8\/tondo-al-baladin-15-giugno-2004\/\",\"name\":\"Tondo al Baladin (15 giugno 2004) - Centre culturel italo-fran\u00e7ais\",\"isPartOf\":{\"@id\":\"http:\/\/www.tondointeractive.com\/lance8\/#website\"},\"primaryImageOfPage\":{\"@id\":\"http:\/\/www.tondointeractive.com\/lance8\/tondo-al-baladin-15-giugno-2004\/#primaryimage\"},\"datePublished\":\"2023-12-26T15:44:17+00:00\",\"dateModified\":\"2023-12-26T18:31:07+00:00\",\"author\":{\"@id\":\"http:\/\/www.tondointeractive.com\/lance8\/#\/schema\/person\/7486292797ff9d3d35eff2394b2f268e\"},\"breadcrumb\":{\"@id\":\"http:\/\/www.tondointeractive.com\/lance8\/tondo-al-baladin-15-giugno-2004\/#breadcrumb\"},\"inLanguage\":\"fr-FR\",\"potentialAction\":[{\"@type\":\"ReadAction\",\"target\":[\"http:\/\/www.tondointeractive.com\/lance8\/tondo-al-baladin-15-giugno-2004\/\"]}]},{\"@type\":\"BreadcrumbList\",\"@id\":\"http:\/\/www.tondointeractive.com\/lance8\/tondo-al-baladin-15-giugno-2004\/#breadcrumb\",\"itemListElement\":[{\"@type\":\"ListItem\",\"position\":1,\"name\":\"Accueil\",\"item\":\"http:\/\/www.tondointeractive.com\/lance8\/\"},{\"@type\":\"ListItem\",\"position\":2,\"name\":\"Tondo al Baladin (15 giugno 2004)\"}]},{\"@type\":\"Person\",\"@id\":\"http:\/\/www.tondointeractive.com\/lance8\/#\/schema\/person\/7486292797ff9d3d35eff2394b2f268e\",\"name\":\"tondo\",\"image\":{\"@type\":\"ImageObject\",\"@id\":\"http:\/\/www.tondointeractive.com\/lance8\/#personlogo\",\"inLanguage\":\"fr-FR\",\"url\":\"http:\/\/2.gravatar.com\/avatar\/2c7d7b4a0346f83013c7c22505bcaec6?s=96&d=mm&r=g\",\"contentUrl\":\"http:\/\/2.gravatar.com\/avatar\/2c7d7b4a0346f83013c7c22505bcaec6?s=96&d=mm&r=g\",\"caption\":\"tondo\"},\"url\":\"http:\/\/www.tondointeractive.com\/lance8\/author\/tondo\/\"}]}<\/script>\n<!-- \/ Yoast SEO plugin. -->","yoast_head_json":{"robots":{"index":"index","follow":"follow","max-snippet":"max-snippet:-1","max-image-preview":"max-image-preview:large","max-video-preview":"max-video-preview:-1"},"canonical":"http:\/\/www.tondointeractive.com\/lance8\/tondo-al-baladin-15-giugno-2004\/","og_locale":"fr_FR","og_type":"article","og_title":"Tondo al Baladin (15 giugno 2004) - Centre culturel italo-fran\u00e7ais","og_description":"Il gruppo Tondo and Co sar\u00e0 al baladin per un concerto eccezionale.TORCY: Concerto eccezionale marted\u00ec 15 giugno: Tondo e Co al Baladin.Il music caf\u00e9 Baladin si prepara a fare grande scalpore marted\u00ec 15 giugno, alle ore 20, con l&#8217;arrivo del gruppo \u201cTondo and Co\u201d per un concerto d&#8217;eccezione.&nbsp;Si tratta di un nuovo concetto di spettacolo [&hellip;]","og_url":"http:\/\/www.tondointeractive.com\/lance8\/tondo-al-baladin-15-giugno-2004\/","og_site_name":"Centre culturel italo-fran\u00e7ais","article_published_time":"2023-12-26T15:44:17+00:00","article_modified_time":"2023-12-26T18:31:07+00:00","og_image":[{"width":976,"height":568,"url":"http:\/\/www.tondointeractive.com\/lance8\/wp-content\/uploads\/torbaladintondo-06-2004.jpg","type":"image\/jpeg"}],"twitter_card":"summary_large_image","twitter_misc":{"\u00c9crit par":"tondo","Dur\u00e9e de lecture estim\u00e9e":"2 minutes"},"schema":{"@context":"https:\/\/schema.org","@graph":[{"@type":"WebSite","@id":"http:\/\/www.tondointeractive.com\/lance8\/#website","url":"http:\/\/www.tondointeractive.com\/lance8\/","name":"Centre culturel italo-fran\u00e7ais","description":"","potentialAction":[{"@type":"SearchAction","target":{"@type":"EntryPoint","urlTemplate":"http:\/\/www.tondointeractive.com\/lance8\/?s={search_term_string}"},"query-input":"required name=search_term_string"}],"inLanguage":"fr-FR"},{"@type":"ImageObject","@id":"http:\/\/www.tondointeractive.com\/lance8\/tondo-al-baladin-15-giugno-2004\/#primaryimage","inLanguage":"fr-FR","url":"http:\/\/www.tondointeractive.com\/lance8\/wp-content\/uploads\/torbaladintondo-06-2004.jpg","contentUrl":"http:\/\/www.tondointeractive.com\/lance8\/wp-content\/uploads\/torbaladintondo-06-2004.jpg","width":976,"height":568},{"@type":"WebPage","@id":"http:\/\/www.tondointeractive.com\/lance8\/tondo-al-baladin-15-giugno-2004\/#webpage","url":"http:\/\/www.tondointeractive.com\/lance8\/tondo-al-baladin-15-giugno-2004\/","name":"Tondo al Baladin (15 giugno 2004) - Centre culturel italo-fran\u00e7ais","isPartOf":{"@id":"http:\/\/www.tondointeractive.com\/lance8\/#website"},"primaryImageOfPage":{"@id":"http:\/\/www.tondointeractive.com\/lance8\/tondo-al-baladin-15-giugno-2004\/#primaryimage"},"datePublished":"2023-12-26T15:44:17+00:00","dateModified":"2023-12-26T18:31:07+00:00","author":{"@id":"http:\/\/www.tondointeractive.com\/lance8\/#\/schema\/person\/7486292797ff9d3d35eff2394b2f268e"},"breadcrumb":{"@id":"http:\/\/www.tondointeractive.com\/lance8\/tondo-al-baladin-15-giugno-2004\/#breadcrumb"},"inLanguage":"fr-FR","potentialAction":[{"@type":"ReadAction","target":["http:\/\/www.tondointeractive.com\/lance8\/tondo-al-baladin-15-giugno-2004\/"]}]},{"@type":"BreadcrumbList","@id":"http:\/\/www.tondointeractive.com\/lance8\/tondo-al-baladin-15-giugno-2004\/#breadcrumb","itemListElement":[{"@type":"ListItem","position":1,"name":"Accueil","item":"http:\/\/www.tondointeractive.com\/lance8\/"},{"@type":"ListItem","position":2,"name":"Tondo al Baladin (15 giugno 2004)"}]},{"@type":"Person","@id":"http:\/\/www.tondointeractive.com\/lance8\/#\/schema\/person\/7486292797ff9d3d35eff2394b2f268e","name":"tondo","image":{"@type":"ImageObject","@id":"http:\/\/www.tondointeractive.com\/lance8\/#personlogo","inLanguage":"fr-FR","url":"http:\/\/2.gravatar.com\/avatar\/2c7d7b4a0346f83013c7c22505bcaec6?s=96&d=mm&r=g","contentUrl":"http:\/\/2.gravatar.com\/avatar\/2c7d7b4a0346f83013c7c22505bcaec6?s=96&d=mm&r=g","caption":"tondo"},"url":"http:\/\/www.tondointeractive.com\/lance8\/author\/tondo\/"}]}},"_links":{"self":[{"href":"http:\/\/www.tondointeractive.com\/lance8\/wp-json\/wp\/v2\/posts\/4038"}],"collection":[{"href":"http:\/\/www.tondointeractive.com\/lance8\/wp-json\/wp\/v2\/posts"}],"about":[{"href":"http:\/\/www.tondointeractive.com\/lance8\/wp-json\/wp\/v2\/types\/post"}],"author":[{"embeddable":true,"href":"http:\/\/www.tondointeractive.com\/lance8\/wp-json\/wp\/v2\/users\/1"}],"replies":[{"embeddable":true,"href":"http:\/\/www.tondointeractive.com\/lance8\/wp-json\/wp\/v2\/comments?post=4038"}],"version-history":[{"count":3,"href":"http:\/\/www.tondointeractive.com\/lance8\/wp-json\/wp\/v2\/posts\/4038\/revisions"}],"predecessor-version":[{"id":4042,"href":"http:\/\/www.tondointeractive.com\/lance8\/wp-json\/wp\/v2\/posts\/4038\/revisions\/4042"}],"wp:featuredmedia":[{"embeddable":true,"href":"http:\/\/www.tondointeractive.com\/lance8\/wp-json\/wp\/v2\/media\/4039"}],"wp:attachment":[{"href":"http:\/\/www.tondointeractive.com\/lance8\/wp-json\/wp\/v2\/media?parent=4038"}],"wp:term":[{"taxonomy":"category","embeddable":true,"href":"http:\/\/www.tondointeractive.com\/lance8\/wp-json\/wp\/v2\/categories?post=4038"},{"taxonomy":"post_tag","embeddable":true,"href":"http:\/\/www.tondointeractive.com\/lance8\/wp-json\/wp\/v2\/tags?post=4038"}],"curies":[{"name":"wp","href":"https:\/\/api.w.org\/{rel}","templated":true}]}}