{"id":3972,"date":"2023-02-03T13:21:41","date_gmt":"2023-02-03T12:21:41","guid":{"rendered":"https:\/\/www.tondointeractive.com\/lance8\/?p=3972"},"modified":"2023-02-03T14:44:58","modified_gmt":"2023-02-03T13:44:58","slug":"le-chant-damour-de-virginio-ferrari-a-la-mediatheque-de-moulins","status":"publish","type":"post","link":"http:\/\/www.tondointeractive.com\/lance8\/le-chant-damour-de-virginio-ferrari-a-la-mediatheque-de-moulins\/","title":{"rendered":"Le chant d&#8217;amour de Virginio Ferrari \u00e0 la M\u00e9diath\u00e8que de Moulins"},"content":{"rendered":"\n<p>A&#8217; la m\u00e9diath\u00e8que de Moulins, c&#8217;est comme \u00e0 la Biblioth\u00e8que MUSIQUE &amp; CINEMA, on peut emprunter le CD audio qui permet d&#8217;entendre le merveilleux discours du champion de la vitesse Virginio Ferrari, en compagnie de du collectif cin\u00e9matographique Vincent Dominique Tondo \u00eb Fils, collectif pr\u00e9sent dans LA FETE DU COURT. On a la possibilit\u00e9 d&#8217;acheter cet album qui commence par la voix de Marina Labartino souhaitant depuis Corato, un bon anniversaire au papa de Vincent Tondo. C&#8217;\u00e9tait le 27 f\u00e9vrier 2006. Le 27 f\u00e9vrier 2023, nous irons sur les papa de tous les papas, qui comme le papa de Thomas Dutronc, sont des sacr\u00e9s &#8220;num\u00e9ros&#8221;, des num\u00e9ros gagnants qui donne l&#8217;envie d&#8217;avoir \u00e0 la maison cet album : 20th anniversary album. Vous ne connaissez pas Virginio Ferrari ? Lien vers Wikipedia https:\/\/it.wikipedia.org\/wiki\/Virginio_Ferrari Vous ne connaissez pas la chanson cr\u00e9\u00e9e par son fils Gioele, alors qu&#8217;il avait 20 ans ? cliquez sur ce lien et partagez-le, et si vous voulez voir Gioele Ferrari chanter en vrai TRA LA LUNA E IL MARE , contactez Nock Italia Radio  <a href=\"https:\/\/www.youtube.com\/watch?v=n-js-RkQr9s&amp;t=20s\">https:\/\/www.youtube.com\/watch?v=n-js-RkQr9s&amp;t=20s<\/a> <\/p>\n\n\n\n<p><\/p>\n\n\n\n<p>La locomotive est sans nul doute la rencontre historique entre les deux papas que sont Virginio Ferrari et Vincent Tondo, rencontre bas\u00e9e sur l&#8217;\u00e9coute des enfants, du genre r\u00e9actif, encourageant le m\u00e9tier que leurs enfants choisissent, pour vivre. <\/p>\n\n\n\n<p><a href=\"https:\/\/www.tondointeractive.com\/lance8\/produit\/vincent-dominique-tondo-e-fils-20th-anniversary-album\/ \">https:\/\/www.tondointeractive.com\/lance8\/produit\/vincent-dominique-tondo-e-fils-20th-anniversary-album\/ <\/a><\/p>\n","protected":false},"excerpt":{"rendered":"<p>A&#8217; la m\u00e9diath\u00e8que de Moulins, c&#8217;est comme \u00e0 la Biblioth\u00e8que MUSIQUE &amp; CINEMA, on peut emprunter le CD audio qui permet d&#8217;entendre le merveilleux discours du champion de la vitesse Virginio Ferrari, en compagnie de du collectif cin\u00e9matographique Vincent Dominique Tondo \u00eb Fils, collectif pr\u00e9sent dans LA FETE DU COURT. On a la possibilit\u00e9 d&#8217;acheter [&hellip;]<\/p>\n","protected":false},"author":1,"featured_media":3973,"comment_status":"open","ping_status":"open","sticky":false,"template":"","format":"standard","meta":[],"categories":[51],"tags":[],"yoast_head":"<!-- This site is optimized with the Yoast SEO plugin v18.0 - https:\/\/yoast.com\/wordpress\/plugins\/seo\/ -->\n<meta name=\"robots\" content=\"index, follow, max-snippet:-1, max-image-preview:large, max-video-preview:-1\" \/>\n<link rel=\"canonical\" href=\"http:\/\/www.tondointeractive.com\/lance8\/le-chant-damour-de-virginio-ferrari-a-la-mediatheque-de-moulins\/\" \/>\n<meta property=\"og:locale\" content=\"fr_FR\" \/>\n<meta property=\"og:type\" content=\"article\" \/>\n<meta property=\"og:title\" content=\"Le chant d&#039;amour de Virginio Ferrari \u00e0 la M\u00e9diath\u00e8que de Moulins - Centre culturel italo-fran\u00e7ais\" \/>\n<meta property=\"og:description\" content=\"A&#8217; la m\u00e9diath\u00e8que de Moulins, c&#8217;est comme \u00e0 la Biblioth\u00e8que MUSIQUE &amp; CINEMA, on peut emprunter le CD audio qui permet d&#8217;entendre le merveilleux discours du champion de la vitesse Virginio Ferrari, en compagnie de du collectif cin\u00e9matographique Vincent Dominique Tondo \u00eb Fils, collectif pr\u00e9sent dans LA FETE DU COURT. On a la possibilit\u00e9 d&#8217;acheter [&hellip;]\" \/>\n<meta property=\"og:url\" content=\"http:\/\/www.tondointeractive.com\/lance8\/le-chant-damour-de-virginio-ferrari-a-la-mediatheque-de-moulins\/\" \/>\n<meta property=\"og:site_name\" content=\"Centre culturel italo-fran\u00e7ais\" \/>\n<meta property=\"article:published_time\" content=\"2023-02-03T12:21:41+00:00\" \/>\n<meta property=\"article:modified_time\" content=\"2023-02-03T13:44:58+00:00\" \/>\n<meta property=\"og:image\" content=\"http:\/\/www.tondointeractive.com\/lance8\/wp-content\/uploads\/Capture-de\u0301cran-2023-02-03-a\u0300-12.57.50-copie.png\" \/>\n\t<meta property=\"og:image:width\" content=\"990\" \/>\n\t<meta property=\"og:image:height\" content=\"1201\" \/>\n\t<meta property=\"og:image:type\" content=\"image\/png\" \/>\n<meta name=\"twitter:card\" content=\"summary_large_image\" \/>\n<meta name=\"twitter:label1\" content=\"\u00c9crit par\" \/>\n\t<meta name=\"twitter:data1\" content=\"tondo\" \/>\n\t<meta name=\"twitter:label2\" content=\"Dur\u00e9e de lecture estim\u00e9e\" \/>\n\t<meta name=\"twitter:data2\" content=\"2 minutes\" \/>\n<script type=\"application\/ld+json\" class=\"yoast-schema-graph\">{\"@context\":\"https:\/\/schema.org\",\"@graph\":[{\"@type\":\"WebSite\",\"@id\":\"http:\/\/www.tondointeractive.com\/lance8\/#website\",\"url\":\"http:\/\/www.tondointeractive.com\/lance8\/\",\"name\":\"Centre culturel italo-fran\u00e7ais\",\"description\":\"\",\"potentialAction\":[{\"@type\":\"SearchAction\",\"target\":{\"@type\":\"EntryPoint\",\"urlTemplate\":\"http:\/\/www.tondointeractive.com\/lance8\/?s={search_term_string}\"},\"query-input\":\"required name=search_term_string\"}],\"inLanguage\":\"fr-FR\"},{\"@type\":\"ImageObject\",\"@id\":\"http:\/\/www.tondointeractive.com\/lance8\/le-chant-damour-de-virginio-ferrari-a-la-mediatheque-de-moulins\/#primaryimage\",\"inLanguage\":\"fr-FR\",\"url\":\"http:\/\/www.tondointeractive.com\/lance8\/wp-content\/uploads\/Capture-de\u0301cran-2023-02-03-a\u0300-12.57.50-copie.png\",\"contentUrl\":\"http:\/\/www.tondointeractive.com\/lance8\/wp-content\/uploads\/Capture-de\u0301cran-2023-02-03-a\u0300-12.57.50-copie.png\",\"width\":990,\"height\":1201},{\"@type\":\"WebPage\",\"@id\":\"http:\/\/www.tondointeractive.com\/lance8\/le-chant-damour-de-virginio-ferrari-a-la-mediatheque-de-moulins\/#webpage\",\"url\":\"http:\/\/www.tondointeractive.com\/lance8\/le-chant-damour-de-virginio-ferrari-a-la-mediatheque-de-moulins\/\",\"name\":\"Le chant d'amour de Virginio Ferrari \u00e0 la M\u00e9diath\u00e8que de Moulins - Centre culturel italo-fran\u00e7ais\",\"isPartOf\":{\"@id\":\"http:\/\/www.tondointeractive.com\/lance8\/#website\"},\"primaryImageOfPage\":{\"@id\":\"http:\/\/www.tondointeractive.com\/lance8\/le-chant-damour-de-virginio-ferrari-a-la-mediatheque-de-moulins\/#primaryimage\"},\"datePublished\":\"2023-02-03T12:21:41+00:00\",\"dateModified\":\"2023-02-03T13:44:58+00:00\",\"author\":{\"@id\":\"http:\/\/www.tondointeractive.com\/lance8\/#\/schema\/person\/7486292797ff9d3d35eff2394b2f268e\"},\"breadcrumb\":{\"@id\":\"http:\/\/www.tondointeractive.com\/lance8\/le-chant-damour-de-virginio-ferrari-a-la-mediatheque-de-moulins\/#breadcrumb\"},\"inLanguage\":\"fr-FR\",\"potentialAction\":[{\"@type\":\"ReadAction\",\"target\":[\"http:\/\/www.tondointeractive.com\/lance8\/le-chant-damour-de-virginio-ferrari-a-la-mediatheque-de-moulins\/\"]}]},{\"@type\":\"BreadcrumbList\",\"@id\":\"http:\/\/www.tondointeractive.com\/lance8\/le-chant-damour-de-virginio-ferrari-a-la-mediatheque-de-moulins\/#breadcrumb\",\"itemListElement\":[{\"@type\":\"ListItem\",\"position\":1,\"name\":\"Accueil\",\"item\":\"http:\/\/www.tondointeractive.com\/lance8\/\"},{\"@type\":\"ListItem\",\"position\":2,\"name\":\"Le chant d&#8217;amour de Virginio Ferrari \u00e0 la M\u00e9diath\u00e8que de Moulins\"}]},{\"@type\":\"Person\",\"@id\":\"http:\/\/www.tondointeractive.com\/lance8\/#\/schema\/person\/7486292797ff9d3d35eff2394b2f268e\",\"name\":\"tondo\",\"image\":{\"@type\":\"ImageObject\",\"@id\":\"http:\/\/www.tondointeractive.com\/lance8\/#personlogo\",\"inLanguage\":\"fr-FR\",\"url\":\"http:\/\/2.gravatar.com\/avatar\/2c7d7b4a0346f83013c7c22505bcaec6?s=96&d=mm&r=g\",\"contentUrl\":\"http:\/\/2.gravatar.com\/avatar\/2c7d7b4a0346f83013c7c22505bcaec6?s=96&d=mm&r=g\",\"caption\":\"tondo\"},\"url\":\"http:\/\/www.tondointeractive.com\/lance8\/author\/tondo\/\"}]}<\/script>\n<!-- \/ Yoast SEO plugin. -->","yoast_head_json":{"robots":{"index":"index","follow":"follow","max-snippet":"max-snippet:-1","max-image-preview":"max-image-preview:large","max-video-preview":"max-video-preview:-1"},"canonical":"http:\/\/www.tondointeractive.com\/lance8\/le-chant-damour-de-virginio-ferrari-a-la-mediatheque-de-moulins\/","og_locale":"fr_FR","og_type":"article","og_title":"Le chant d'amour de Virginio Ferrari \u00e0 la M\u00e9diath\u00e8que de Moulins - Centre culturel italo-fran\u00e7ais","og_description":"A&#8217; la m\u00e9diath\u00e8que de Moulins, c&#8217;est comme \u00e0 la Biblioth\u00e8que MUSIQUE &amp; CINEMA, on peut emprunter le CD audio qui permet d&#8217;entendre le merveilleux discours du champion de la vitesse Virginio Ferrari, en compagnie de du collectif cin\u00e9matographique Vincent Dominique Tondo \u00eb Fils, collectif pr\u00e9sent dans LA FETE DU COURT. On a la possibilit\u00e9 d&#8217;acheter [&hellip;]","og_url":"http:\/\/www.tondointeractive.com\/lance8\/le-chant-damour-de-virginio-ferrari-a-la-mediatheque-de-moulins\/","og_site_name":"Centre culturel italo-fran\u00e7ais","article_published_time":"2023-02-03T12:21:41+00:00","article_modified_time":"2023-02-03T13:44:58+00:00","og_image":[{"width":990,"height":1201,"url":"http:\/\/www.tondointeractive.com\/lance8\/wp-content\/uploads\/Capture-de\u0301cran-2023-02-03-a\u0300-12.57.50-copie.png","type":"image\/png"}],"twitter_card":"summary_large_image","twitter_misc":{"\u00c9crit par":"tondo","Dur\u00e9e de lecture estim\u00e9e":"2 minutes"},"schema":{"@context":"https:\/\/schema.org","@graph":[{"@type":"WebSite","@id":"http:\/\/www.tondointeractive.com\/lance8\/#website","url":"http:\/\/www.tondointeractive.com\/lance8\/","name":"Centre culturel italo-fran\u00e7ais","description":"","potentialAction":[{"@type":"SearchAction","target":{"@type":"EntryPoint","urlTemplate":"http:\/\/www.tondointeractive.com\/lance8\/?s={search_term_string}"},"query-input":"required name=search_term_string"}],"inLanguage":"fr-FR"},{"@type":"ImageObject","@id":"http:\/\/www.tondointeractive.com\/lance8\/le-chant-damour-de-virginio-ferrari-a-la-mediatheque-de-moulins\/#primaryimage","inLanguage":"fr-FR","url":"http:\/\/www.tondointeractive.com\/lance8\/wp-content\/uploads\/Capture-de\u0301cran-2023-02-03-a\u0300-12.57.50-copie.png","contentUrl":"http:\/\/www.tondointeractive.com\/lance8\/wp-content\/uploads\/Capture-de\u0301cran-2023-02-03-a\u0300-12.57.50-copie.png","width":990,"height":1201},{"@type":"WebPage","@id":"http:\/\/www.tondointeractive.com\/lance8\/le-chant-damour-de-virginio-ferrari-a-la-mediatheque-de-moulins\/#webpage","url":"http:\/\/www.tondointeractive.com\/lance8\/le-chant-damour-de-virginio-ferrari-a-la-mediatheque-de-moulins\/","name":"Le chant d'amour de Virginio Ferrari \u00e0 la M\u00e9diath\u00e8que de Moulins - Centre culturel italo-fran\u00e7ais","isPartOf":{"@id":"http:\/\/www.tondointeractive.com\/lance8\/#website"},"primaryImageOfPage":{"@id":"http:\/\/www.tondointeractive.com\/lance8\/le-chant-damour-de-virginio-ferrari-a-la-mediatheque-de-moulins\/#primaryimage"},"datePublished":"2023-02-03T12:21:41+00:00","dateModified":"2023-02-03T13:44:58+00:00","author":{"@id":"http:\/\/www.tondointeractive.com\/lance8\/#\/schema\/person\/7486292797ff9d3d35eff2394b2f268e"},"breadcrumb":{"@id":"http:\/\/www.tondointeractive.com\/lance8\/le-chant-damour-de-virginio-ferrari-a-la-mediatheque-de-moulins\/#breadcrumb"},"inLanguage":"fr-FR","potentialAction":[{"@type":"ReadAction","target":["http:\/\/www.tondointeractive.com\/lance8\/le-chant-damour-de-virginio-ferrari-a-la-mediatheque-de-moulins\/"]}]},{"@type":"BreadcrumbList","@id":"http:\/\/www.tondointeractive.com\/lance8\/le-chant-damour-de-virginio-ferrari-a-la-mediatheque-de-moulins\/#breadcrumb","itemListElement":[{"@type":"ListItem","position":1,"name":"Accueil","item":"http:\/\/www.tondointeractive.com\/lance8\/"},{"@type":"ListItem","position":2,"name":"Le chant d&#8217;amour de Virginio Ferrari \u00e0 la M\u00e9diath\u00e8que de Moulins"}]},{"@type":"Person","@id":"http:\/\/www.tondointeractive.com\/lance8\/#\/schema\/person\/7486292797ff9d3d35eff2394b2f268e","name":"tondo","image":{"@type":"ImageObject","@id":"http:\/\/www.tondointeractive.com\/lance8\/#personlogo","inLanguage":"fr-FR","url":"http:\/\/2.gravatar.com\/avatar\/2c7d7b4a0346f83013c7c22505bcaec6?s=96&d=mm&r=g","contentUrl":"http:\/\/2.gravatar.com\/avatar\/2c7d7b4a0346f83013c7c22505bcaec6?s=96&d=mm&r=g","caption":"tondo"},"url":"http:\/\/www.tondointeractive.com\/lance8\/author\/tondo\/"}]}},"_links":{"self":[{"href":"http:\/\/www.tondointeractive.com\/lance8\/wp-json\/wp\/v2\/posts\/3972"}],"collection":[{"href":"http:\/\/www.tondointeractive.com\/lance8\/wp-json\/wp\/v2\/posts"}],"about":[{"href":"http:\/\/www.tondointeractive.com\/lance8\/wp-json\/wp\/v2\/types\/post"}],"author":[{"embeddable":true,"href":"http:\/\/www.tondointeractive.com\/lance8\/wp-json\/wp\/v2\/users\/1"}],"replies":[{"embeddable":true,"href":"http:\/\/www.tondointeractive.com\/lance8\/wp-json\/wp\/v2\/comments?post=3972"}],"version-history":[{"count":2,"href":"http:\/\/www.tondointeractive.com\/lance8\/wp-json\/wp\/v2\/posts\/3972\/revisions"}],"predecessor-version":[{"id":3976,"href":"http:\/\/www.tondointeractive.com\/lance8\/wp-json\/wp\/v2\/posts\/3972\/revisions\/3976"}],"wp:featuredmedia":[{"embeddable":true,"href":"http:\/\/www.tondointeractive.com\/lance8\/wp-json\/wp\/v2\/media\/3973"}],"wp:attachment":[{"href":"http:\/\/www.tondointeractive.com\/lance8\/wp-json\/wp\/v2\/media?parent=3972"}],"wp:term":[{"taxonomy":"category","embeddable":true,"href":"http:\/\/www.tondointeractive.com\/lance8\/wp-json\/wp\/v2\/categories?post=3972"},{"taxonomy":"post_tag","embeddable":true,"href":"http:\/\/www.tondointeractive.com\/lance8\/wp-json\/wp\/v2\/tags?post=3972"}],"curies":[{"name":"wp","href":"https:\/\/api.w.org\/{rel}","templated":true}]}}