{"id":3756,"date":"2022-03-06T18:34:47","date_gmt":"2022-03-06T17:34:47","guid":{"rendered":"https:\/\/www.tondointeractive.com\/lance8\/?p=3756"},"modified":"2022-03-06T22:56:52","modified_gmt":"2022-03-06T21:56:52","slug":"michel-je-te-quitte-par-nathalie-vierne","status":"publish","type":"post","link":"http:\/\/www.tondointeractive.com\/lance8\/michel-je-te-quitte-par-nathalie-vierne\/","title":{"rendered":"Commentaire de Vincent Tondo \u00e0 propos de &#8220;Michel, je te quitte !&#8221; par Nathalie Vierne"},"content":{"rendered":"\n<p><meta charset=\"utf-8\"><em>Nathalie Vierne, Sc\u00e9nariste de cin\u00e9ma, auteure et metteuse en sc\u00e8ne de th\u00e9\u00e2tre.<\/em><\/p>\n\n\n\n<p><\/p>\n\n\n\n<p><meta charset=\"utf-8\"><a href=\"https:\/\/www.facebook.com\/vincent.d.tondo\/posts\/4991510594271859\">Commentaire de Vincent Tondo ><\/a><\/p>\n\n\n\n<p>&#8220;Apr\u00e8s 8 mars 2022, il y aura ALDA &amp; GIANNA \u00e0 savoir une v\u00e9ritable r\u00e9v\u00e9lation quant \u00e0 une po\u00e9tesse reconnue par Paolo Limiti.\u00a0Dora Giannetti\u00a0conna\u00eet un peu Gianna, et elle sera certainement d&#8217;accord pour aider les gar\u00e7ons, les hommes, pour qu&#8217;ils puissent lire avec plaisir ce dont r\u00eavait une certaine Alda, la nuit, en regardant le ciel&#8230;Alda r\u00eavait \u00e0 quelque chose de tr\u00e8s simple, c&#8217;est ce que l&#8217;on aurait d\u00fb comprendre d&#8217;elle au lieu de la &#8220;tuer \u00e0 coups de pourquoi&#8221; (Jacques Brel dans &#8220;Ne me quitte pas&#8221;)&#8230;. Merci \u00e0 toutes les po\u00e9tesses comme Laurence Vielle d&#8217;avoir \u00e9cout\u00e9 ma voix&#8230; Que l&#8217;on sache enfin, s&#8217;il vous plait qu&#8217;il n&#8217;y a pas de hasard comme le prouve si bien\u00a0Nathalie Vierne&#8230;.Elle me l&#8217;a confirm\u00e9 notamment une fois. C&#8217;\u00e9tait au Z\u00e9phir en 2004&#8230;ce qui me donne l&#8217;envie de remettre mon disque du moment toujours \u00e9tonn\u00e9 qu&#8217;il existe vraiment tout comme mon Centre Culturel. C&#8217;est Guillaume Malaurie qui m&#8217;a permis de le dire \u00e0 Ground Control, apr\u00e8s avoir chant\u00e9 avec moi, un sacr\u00e9 refrain dont je suis l&#8217;auteur pour conclure avec IL SUD de Nino Ferrer mais avec une fin sp\u00e9ciale qui m&#8217;a inspir\u00e9 &#8216;Tant mieux pour LE SUD de Nino Ferrer&#8221;\u00a0<a href=\"https:\/\/l.facebook.com\/l.php?u=https%3A%2F%2Fwww.youtube.com%2Fwatch%3Fv%3DS6mxtdoT3l0%26fbclid%3DIwAR1ssHVJ9BBYzzRhxdTVzT_Za29lPRVTB0I2cMERWNNjuSDtyLHgaZmkWa8&amp;h=AT3DOcPGOjYA1t7BZ-pRMHFiZ1ofZzp2BPiQnHf0b6HyOV4A8drcQTsSl3e9_45uaMUF4FMfSfuLQx6rfWsWQoP4q8q4xegExc6Af0XS13YHOfyQ7l4optNn4TwvB2LHq5Xxjhcumw&amp;__tn__=R]-R&amp;c[0]=AT3ILd7cwWzVqJsDFErr3VkcbcfWu6p5qPP3Ezu6Sq73cL58GcISy3O6v0IePCbT2KTPv_vtx2gHcCMdPbM_9RPfROAuVyc8MbHYB_Xlpsl3855hZ9w294M2vvor4vT0_os9WTdU3cnixOq1uadcDaDPfA\" rel=\"noreferrer noopener\" target=\"_blank\">https:\/\/www.youtube.com\/watch?v=S6mxtdoT3l0<\/a>\u00a0Vincent &#8230;. P.S Une chose est certaine, l&#8217;appartement &#8220;CASA IL VINO DEL DOTTORE&#8221; existe et les nombreuses personnes qui m&#8217;y ont rejoint pendant des ann\u00e9es en ont lu l&#8217;histoire&#8230;une histoire qui finit bien par se savoir au nez et \u00e0 la barbe des coqs imb\u00e9ciles qui n&#8217;ont rien compris au film &#8220;7 ans de mariage&#8221; et qui n&#8217;ont toujours pas compris qu&#8217;il y a lieu de le sortir en Italie adapt\u00e9 comme il se doit&#8230;. Il est possible de louer l&#8217;appartement &#8220;Casa il vino del dottore&#8221; et m\u00eame d&#8217;y r\u00e9aliser gracieusement un petit film en pensant aux femmes et aux enfants, enfants que nous sommes tous, naturellement\u00a0<a href=\"http:\/\/www.booking.com\/hotel\/fr\/casa-il-vino-del-dottore.html?fbclid=IwAR09QDfjyP1LIn9Tdzg2c38MCHt32_lsz2sEvLE034Yx72bTecf2sNkwhkk\" rel=\"noreferrer noopener\" target=\"_blank\">www.booking.com\/hotel\/fr\/casa-il-vino-del-dottore.html<\/a>&#8220;<\/p>\n\n\n\n<p><\/p>\n\n\n\n<p>article de Nathalie Vierne &#8220;Michel, je te quitte !&#8221; \/ \u00e0 lire sur Facebook et Instagram :<br><a href=\"https:\/\/www.facebook.com\/photo?fbid=163646566036001&amp;set=a.130494379351220\">https:\/\/www.facebook.com\/photo?fbid=163646566036001&amp;set=a.130494379351220<\/a><\/p>\n\n\n\n<p><\/p>\n\n\n\n<p>acheter le livre de Nathalie Vierne sur Amazon : <br><a href=\"https:\/\/www.amazon.fr\/Lamour-insecticide-Nathalie-Vierne\/dp\/B09BGLZ5YM\">https:\/\/www.amazon.fr\/Lamour-insecticide-Nathalie-Vierne\/dp\/B09BGLZ5YM<\/a> <\/p>\n\n\n\n<p><\/p>\n\n\n\n<p><\/p>\n","protected":false},"excerpt":{"rendered":"<p>Nathalie Vierne, Sc\u00e9nariste de cin\u00e9ma, auteure et metteuse en sc\u00e8ne de th\u00e9\u00e2tre. Commentaire de Vincent Tondo > &#8220;Apr\u00e8s 8 mars 2022, il y aura ALDA &amp; GIANNA \u00e0 savoir une v\u00e9ritable r\u00e9v\u00e9lation quant \u00e0 une po\u00e9tesse reconnue par Paolo Limiti.\u00a0Dora Giannetti\u00a0conna\u00eet un peu Gianna, et elle sera certainement d&#8217;accord pour aider les gar\u00e7ons, les hommes, [&hellip;]<\/p>\n","protected":false},"author":1,"featured_media":3757,"comment_status":"open","ping_status":"open","sticky":false,"template":"","format":"standard","meta":[],"categories":[51],"tags":[],"yoast_head":"<!-- This site is optimized with the Yoast SEO plugin v18.0 - https:\/\/yoast.com\/wordpress\/plugins\/seo\/ -->\n<meta name=\"robots\" content=\"index, follow, max-snippet:-1, max-image-preview:large, max-video-preview:-1\" \/>\n<link rel=\"canonical\" href=\"http:\/\/www.tondointeractive.com\/lance8\/michel-je-te-quitte-par-nathalie-vierne\/\" \/>\n<meta property=\"og:locale\" content=\"fr_FR\" \/>\n<meta property=\"og:type\" content=\"article\" \/>\n<meta property=\"og:title\" content=\"Commentaire de Vincent Tondo \u00e0 propos de &quot;Michel, je te quitte !&quot; par Nathalie Vierne - Centre culturel italo-fran\u00e7ais\" \/>\n<meta property=\"og:description\" content=\"Nathalie Vierne, Sc\u00e9nariste de cin\u00e9ma, auteure et metteuse en sc\u00e8ne de th\u00e9\u00e2tre. Commentaire de Vincent Tondo &gt; &#8220;Apr\u00e8s 8 mars 2022, il y aura ALDA &amp; GIANNA \u00e0 savoir une v\u00e9ritable r\u00e9v\u00e9lation quant \u00e0 une po\u00e9tesse reconnue par Paolo Limiti.\u00a0Dora Giannetti\u00a0conna\u00eet un peu Gianna, et elle sera certainement d&#8217;accord pour aider les gar\u00e7ons, les hommes, [&hellip;]\" \/>\n<meta property=\"og:url\" content=\"http:\/\/www.tondointeractive.com\/lance8\/michel-je-te-quitte-par-nathalie-vierne\/\" \/>\n<meta property=\"og:site_name\" content=\"Centre culturel italo-fran\u00e7ais\" \/>\n<meta property=\"article:published_time\" content=\"2022-03-06T17:34:47+00:00\" \/>\n<meta property=\"article:modified_time\" content=\"2022-03-06T21:56:52+00:00\" \/>\n<meta property=\"og:image\" content=\"http:\/\/www.tondointeractive.com\/lance8\/wp-content\/uploads\/lamour-insecticide.jpg\" \/>\n\t<meta property=\"og:image:width\" content=\"279\" \/>\n\t<meta property=\"og:image:height\" content=\"445\" \/>\n\t<meta property=\"og:image:type\" content=\"image\/jpeg\" \/>\n<meta name=\"twitter:card\" content=\"summary_large_image\" \/>\n<meta name=\"twitter:label1\" content=\"\u00c9crit par\" \/>\n\t<meta name=\"twitter:data1\" content=\"tondo\" \/>\n\t<meta name=\"twitter:label2\" content=\"Dur\u00e9e de lecture estim\u00e9e\" \/>\n\t<meta name=\"twitter:data2\" content=\"2 minutes\" \/>\n<script type=\"application\/ld+json\" class=\"yoast-schema-graph\">{\"@context\":\"https:\/\/schema.org\",\"@graph\":[{\"@type\":\"WebSite\",\"@id\":\"http:\/\/www.tondointeractive.com\/lance8\/#website\",\"url\":\"http:\/\/www.tondointeractive.com\/lance8\/\",\"name\":\"Centre culturel italo-fran\u00e7ais\",\"description\":\"\",\"potentialAction\":[{\"@type\":\"SearchAction\",\"target\":{\"@type\":\"EntryPoint\",\"urlTemplate\":\"http:\/\/www.tondointeractive.com\/lance8\/?s={search_term_string}\"},\"query-input\":\"required name=search_term_string\"}],\"inLanguage\":\"fr-FR\"},{\"@type\":\"ImageObject\",\"@id\":\"http:\/\/www.tondointeractive.com\/lance8\/michel-je-te-quitte-par-nathalie-vierne\/#primaryimage\",\"inLanguage\":\"fr-FR\",\"url\":\"http:\/\/www.tondointeractive.com\/lance8\/wp-content\/uploads\/lamour-insecticide.jpg\",\"contentUrl\":\"http:\/\/www.tondointeractive.com\/lance8\/wp-content\/uploads\/lamour-insecticide.jpg\",\"width\":279,\"height\":445},{\"@type\":\"WebPage\",\"@id\":\"http:\/\/www.tondointeractive.com\/lance8\/michel-je-te-quitte-par-nathalie-vierne\/#webpage\",\"url\":\"http:\/\/www.tondointeractive.com\/lance8\/michel-je-te-quitte-par-nathalie-vierne\/\",\"name\":\"Commentaire de Vincent Tondo \u00e0 propos de \\\"Michel, je te quitte !\\\" par Nathalie Vierne - Centre culturel italo-fran\u00e7ais\",\"isPartOf\":{\"@id\":\"http:\/\/www.tondointeractive.com\/lance8\/#website\"},\"primaryImageOfPage\":{\"@id\":\"http:\/\/www.tondointeractive.com\/lance8\/michel-je-te-quitte-par-nathalie-vierne\/#primaryimage\"},\"datePublished\":\"2022-03-06T17:34:47+00:00\",\"dateModified\":\"2022-03-06T21:56:52+00:00\",\"author\":{\"@id\":\"http:\/\/www.tondointeractive.com\/lance8\/#\/schema\/person\/7486292797ff9d3d35eff2394b2f268e\"},\"breadcrumb\":{\"@id\":\"http:\/\/www.tondointeractive.com\/lance8\/michel-je-te-quitte-par-nathalie-vierne\/#breadcrumb\"},\"inLanguage\":\"fr-FR\",\"potentialAction\":[{\"@type\":\"ReadAction\",\"target\":[\"http:\/\/www.tondointeractive.com\/lance8\/michel-je-te-quitte-par-nathalie-vierne\/\"]}]},{\"@type\":\"BreadcrumbList\",\"@id\":\"http:\/\/www.tondointeractive.com\/lance8\/michel-je-te-quitte-par-nathalie-vierne\/#breadcrumb\",\"itemListElement\":[{\"@type\":\"ListItem\",\"position\":1,\"name\":\"Accueil\",\"item\":\"http:\/\/www.tondointeractive.com\/lance8\/\"},{\"@type\":\"ListItem\",\"position\":2,\"name\":\"Commentaire de Vincent Tondo \u00e0 propos de &#8220;Michel, je te quitte !&#8221; par Nathalie Vierne\"}]},{\"@type\":\"Person\",\"@id\":\"http:\/\/www.tondointeractive.com\/lance8\/#\/schema\/person\/7486292797ff9d3d35eff2394b2f268e\",\"name\":\"tondo\",\"image\":{\"@type\":\"ImageObject\",\"@id\":\"http:\/\/www.tondointeractive.com\/lance8\/#personlogo\",\"inLanguage\":\"fr-FR\",\"url\":\"http:\/\/2.gravatar.com\/avatar\/2c7d7b4a0346f83013c7c22505bcaec6?s=96&d=mm&r=g\",\"contentUrl\":\"http:\/\/2.gravatar.com\/avatar\/2c7d7b4a0346f83013c7c22505bcaec6?s=96&d=mm&r=g\",\"caption\":\"tondo\"},\"url\":\"http:\/\/www.tondointeractive.com\/lance8\/author\/tondo\/\"}]}<\/script>\n<!-- \/ Yoast SEO plugin. -->","yoast_head_json":{"robots":{"index":"index","follow":"follow","max-snippet":"max-snippet:-1","max-image-preview":"max-image-preview:large","max-video-preview":"max-video-preview:-1"},"canonical":"http:\/\/www.tondointeractive.com\/lance8\/michel-je-te-quitte-par-nathalie-vierne\/","og_locale":"fr_FR","og_type":"article","og_title":"Commentaire de Vincent Tondo \u00e0 propos de \"Michel, je te quitte !\" par Nathalie Vierne - Centre culturel italo-fran\u00e7ais","og_description":"Nathalie Vierne, Sc\u00e9nariste de cin\u00e9ma, auteure et metteuse en sc\u00e8ne de th\u00e9\u00e2tre. Commentaire de Vincent Tondo > &#8220;Apr\u00e8s 8 mars 2022, il y aura ALDA &amp; GIANNA \u00e0 savoir une v\u00e9ritable r\u00e9v\u00e9lation quant \u00e0 une po\u00e9tesse reconnue par Paolo Limiti.\u00a0Dora Giannetti\u00a0conna\u00eet un peu Gianna, et elle sera certainement d&#8217;accord pour aider les gar\u00e7ons, les hommes, [&hellip;]","og_url":"http:\/\/www.tondointeractive.com\/lance8\/michel-je-te-quitte-par-nathalie-vierne\/","og_site_name":"Centre culturel italo-fran\u00e7ais","article_published_time":"2022-03-06T17:34:47+00:00","article_modified_time":"2022-03-06T21:56:52+00:00","og_image":[{"width":279,"height":445,"url":"http:\/\/www.tondointeractive.com\/lance8\/wp-content\/uploads\/lamour-insecticide.jpg","type":"image\/jpeg"}],"twitter_card":"summary_large_image","twitter_misc":{"\u00c9crit par":"tondo","Dur\u00e9e de lecture estim\u00e9e":"2 minutes"},"schema":{"@context":"https:\/\/schema.org","@graph":[{"@type":"WebSite","@id":"http:\/\/www.tondointeractive.com\/lance8\/#website","url":"http:\/\/www.tondointeractive.com\/lance8\/","name":"Centre culturel italo-fran\u00e7ais","description":"","potentialAction":[{"@type":"SearchAction","target":{"@type":"EntryPoint","urlTemplate":"http:\/\/www.tondointeractive.com\/lance8\/?s={search_term_string}"},"query-input":"required name=search_term_string"}],"inLanguage":"fr-FR"},{"@type":"ImageObject","@id":"http:\/\/www.tondointeractive.com\/lance8\/michel-je-te-quitte-par-nathalie-vierne\/#primaryimage","inLanguage":"fr-FR","url":"http:\/\/www.tondointeractive.com\/lance8\/wp-content\/uploads\/lamour-insecticide.jpg","contentUrl":"http:\/\/www.tondointeractive.com\/lance8\/wp-content\/uploads\/lamour-insecticide.jpg","width":279,"height":445},{"@type":"WebPage","@id":"http:\/\/www.tondointeractive.com\/lance8\/michel-je-te-quitte-par-nathalie-vierne\/#webpage","url":"http:\/\/www.tondointeractive.com\/lance8\/michel-je-te-quitte-par-nathalie-vierne\/","name":"Commentaire de Vincent Tondo \u00e0 propos de \"Michel, je te quitte !\" par Nathalie Vierne - Centre culturel italo-fran\u00e7ais","isPartOf":{"@id":"http:\/\/www.tondointeractive.com\/lance8\/#website"},"primaryImageOfPage":{"@id":"http:\/\/www.tondointeractive.com\/lance8\/michel-je-te-quitte-par-nathalie-vierne\/#primaryimage"},"datePublished":"2022-03-06T17:34:47+00:00","dateModified":"2022-03-06T21:56:52+00:00","author":{"@id":"http:\/\/www.tondointeractive.com\/lance8\/#\/schema\/person\/7486292797ff9d3d35eff2394b2f268e"},"breadcrumb":{"@id":"http:\/\/www.tondointeractive.com\/lance8\/michel-je-te-quitte-par-nathalie-vierne\/#breadcrumb"},"inLanguage":"fr-FR","potentialAction":[{"@type":"ReadAction","target":["http:\/\/www.tondointeractive.com\/lance8\/michel-je-te-quitte-par-nathalie-vierne\/"]}]},{"@type":"BreadcrumbList","@id":"http:\/\/www.tondointeractive.com\/lance8\/michel-je-te-quitte-par-nathalie-vierne\/#breadcrumb","itemListElement":[{"@type":"ListItem","position":1,"name":"Accueil","item":"http:\/\/www.tondointeractive.com\/lance8\/"},{"@type":"ListItem","position":2,"name":"Commentaire de Vincent Tondo \u00e0 propos de &#8220;Michel, je te quitte !&#8221; par Nathalie Vierne"}]},{"@type":"Person","@id":"http:\/\/www.tondointeractive.com\/lance8\/#\/schema\/person\/7486292797ff9d3d35eff2394b2f268e","name":"tondo","image":{"@type":"ImageObject","@id":"http:\/\/www.tondointeractive.com\/lance8\/#personlogo","inLanguage":"fr-FR","url":"http:\/\/2.gravatar.com\/avatar\/2c7d7b4a0346f83013c7c22505bcaec6?s=96&d=mm&r=g","contentUrl":"http:\/\/2.gravatar.com\/avatar\/2c7d7b4a0346f83013c7c22505bcaec6?s=96&d=mm&r=g","caption":"tondo"},"url":"http:\/\/www.tondointeractive.com\/lance8\/author\/tondo\/"}]}},"_links":{"self":[{"href":"http:\/\/www.tondointeractive.com\/lance8\/wp-json\/wp\/v2\/posts\/3756"}],"collection":[{"href":"http:\/\/www.tondointeractive.com\/lance8\/wp-json\/wp\/v2\/posts"}],"about":[{"href":"http:\/\/www.tondointeractive.com\/lance8\/wp-json\/wp\/v2\/types\/post"}],"author":[{"embeddable":true,"href":"http:\/\/www.tondointeractive.com\/lance8\/wp-json\/wp\/v2\/users\/1"}],"replies":[{"embeddable":true,"href":"http:\/\/www.tondointeractive.com\/lance8\/wp-json\/wp\/v2\/comments?post=3756"}],"version-history":[{"count":7,"href":"http:\/\/www.tondointeractive.com\/lance8\/wp-json\/wp\/v2\/posts\/3756\/revisions"}],"predecessor-version":[{"id":3772,"href":"http:\/\/www.tondointeractive.com\/lance8\/wp-json\/wp\/v2\/posts\/3756\/revisions\/3772"}],"wp:featuredmedia":[{"embeddable":true,"href":"http:\/\/www.tondointeractive.com\/lance8\/wp-json\/wp\/v2\/media\/3757"}],"wp:attachment":[{"href":"http:\/\/www.tondointeractive.com\/lance8\/wp-json\/wp\/v2\/media?parent=3756"}],"wp:term":[{"taxonomy":"category","embeddable":true,"href":"http:\/\/www.tondointeractive.com\/lance8\/wp-json\/wp\/v2\/categories?post=3756"},{"taxonomy":"post_tag","embeddable":true,"href":"http:\/\/www.tondointeractive.com\/lance8\/wp-json\/wp\/v2\/tags?post=3756"}],"curies":[{"name":"wp","href":"https:\/\/api.w.org\/{rel}","templated":true}]}}