{"id":3652,"date":"2022-02-18T12:29:00","date_gmt":"2022-02-18T11:29:00","guid":{"rendered":"http:\/\/www.tondointeractive.com\/lance8\/?p=3652"},"modified":"2022-02-20T16:50:10","modified_gmt":"2022-02-20T15:50:10","slug":"la-tasse-a-cafe-de-flavio-gallozzi","status":"publish","type":"post","link":"http:\/\/www.tondointeractive.com\/lance8\/la-tasse-a-cafe-de-flavio-gallozzi\/","title":{"rendered":"La tasse \u00e0 caf\u00e9 de Flavio Gallozzi"},"content":{"rendered":"\n<p>J&#8217;appr\u00e9cie tout particuli\u00e8rement vos travaux d&#8217;ariste que j&#8217;admire et qui motivent le pr\u00e9sent message que je vous adresse et qui fait l&#8217;objet d\u2019une publication sur le blog du centre culturel italo-fran\u00e7ais qui a pour adresse <a href=\"http:\/\/www.viadeigracchi.com\">www.viadeigracchi.com<\/a> Gr\u00e2ce \u00e0 Dora Giannetti et depuis longtemps de nombreux artistes r\u00e9pondent aux questions que l\u2019on se pose quant aux r\u00e9cits \u00e0 transmettre \u00e0 ceux qui nous regardent avec amour, une tasse \u00e0 caf\u00e9 \u00e0 la main couleur soleil, comme une invitation a baigner dans la chaleur de sons d\u2019un disque qui est l\u2019\u00e9cho fid\u00e8le d\u2019une rencontre rare. J\u2019ai d\u00e9vor\u00e9 le livre de Dora Giannetti \u00ab&nbsp;Milano ride e canta&nbsp;\u00bb , dans lequel je me suis reconnu, vivant une histoire d\u2019amour depuis le premier janvier 1985, date correspondant \u00e0 la publication du livre que je viens de citer et qui est synth\u00e9tis\u00e9 \u00e0 travers une chanson cr\u00e9e par Dora Giannetti elle-m\u00eame en ma compagnie, \u00e0 la mani\u00e8re de Linda &amp; Paul McCartney en Ecosse, autrement dit entour\u00e9s d\u2019animaux comme des chiens, comme des chats. Ce esp\u00e8re bien cher ami de Dora Giannetti, que vous aimerez son disque disque r\u00e9alis\u00e9 en France par le mythique Jean-Pierre Bouquet et par Antoine-Guillaume Tondo, cin\u00e9aste depuis l\u2019enfance, on entend une v\u00e9ritable histoire histoire d&#8217;amour qui correspond \u00e0 un v\u00e9cu \u00e0 l\u2019image de deux deux cultures aux racines qui profond\u00e9ment li\u00e9es comme deux arbres flamboyants qui en apparence ne sont m\u00eame pas touch\u00e9s l\u2019un par l\u2019autre. Flavio Gallozzi est photographe, et j\u2019aimerais bien qu\u2019il soit de la f\u00eate, \u00e0 l\u2019occasion du large partage qui est propos\u00e9 autour de la publication de \u00ab&nbsp;Mi piacerebbe tanto raccontare per far ridere&nbsp;\u00bb, une chanson pop en italien qui contient un mot fran\u00e7ais, ce mot : La mer\u2026 comme la mer de Charles Trente, une mer que l\u2019on voit danser depuis longtemps, tendrement avec il mare. Lien vers la vid\u00e9o de pr\u00e9sentation de la chanson, qui comporte un dialogue entre Dora Giannetti et Vincent Tondo. Dora Giannetti ? La premi\u00e8re biographe de Mina. Vincent Tondo ? L\u2019homme de l\u2019histoire \u00ab&nbsp;Vincent Tondo ressuscit\u00e9 John Lennon&nbsp;\u00bb&nbsp;<\/p>\n\n\n\n<p><a href=\"https:\/\/music.apple.com\/fr\/album\/mi-piacerebbe-tanto-raccontare-per-far-ridere-single\/1610314623\">Lien pour t\u00e9l\u00e9charger la chanson &gt;&gt;&gt;<\/a><\/p>\n\n\n\n<p>photo : Flavio Gallozzi<\/p>\n","protected":false},"excerpt":{"rendered":"<p>J&#8217;appr\u00e9cie tout particuli\u00e8rement vos travaux d&#8217;ariste que j&#8217;admire et qui motivent le pr\u00e9sent message que je vous adresse et qui fait l&#8217;objet d\u2019une publication sur le blog du centre culturel italo-fran\u00e7ais qui a pour adresse www.viadeigracchi.com Gr\u00e2ce \u00e0 Dora Giannetti et depuis longtemps de nombreux artistes r\u00e9pondent aux questions que l\u2019on se pose quant aux [&hellip;]<\/p>\n","protected":false},"author":1,"featured_media":3654,"comment_status":"open","ping_status":"open","sticky":false,"template":"","format":"standard","meta":[],"categories":[51],"tags":[],"yoast_head":"<!-- This site is optimized with the Yoast SEO plugin v18.0 - https:\/\/yoast.com\/wordpress\/plugins\/seo\/ -->\n<meta name=\"robots\" content=\"index, follow, max-snippet:-1, max-image-preview:large, max-video-preview:-1\" \/>\n<link rel=\"canonical\" href=\"http:\/\/www.tondointeractive.com\/lance8\/la-tasse-a-cafe-de-flavio-gallozzi\/\" \/>\n<meta property=\"og:locale\" content=\"fr_FR\" \/>\n<meta property=\"og:type\" content=\"article\" \/>\n<meta property=\"og:title\" content=\"La tasse \u00e0 caf\u00e9 de Flavio Gallozzi - Centre culturel italo-fran\u00e7ais\" \/>\n<meta property=\"og:description\" content=\"J&#8217;appr\u00e9cie tout particuli\u00e8rement vos travaux d&#8217;ariste que j&#8217;admire et qui motivent le pr\u00e9sent message que je vous adresse et qui fait l&#8217;objet d\u2019une publication sur le blog du centre culturel italo-fran\u00e7ais qui a pour adresse www.viadeigracchi.com Gr\u00e2ce \u00e0 Dora Giannetti et depuis longtemps de nombreux artistes r\u00e9pondent aux questions que l\u2019on se pose quant aux [&hellip;]\" \/>\n<meta property=\"og:url\" content=\"http:\/\/www.tondointeractive.com\/lance8\/la-tasse-a-cafe-de-flavio-gallozzi\/\" \/>\n<meta property=\"og:site_name\" content=\"Centre culturel italo-fran\u00e7ais\" \/>\n<meta property=\"article:published_time\" content=\"2022-02-18T11:29:00+00:00\" \/>\n<meta property=\"article:modified_time\" content=\"2022-02-20T15:50:10+00:00\" \/>\n<meta property=\"og:image\" content=\"http:\/\/www.tondointeractive.com\/lance8\/wp-content\/uploads\/vio.jpg\" \/>\n\t<meta property=\"og:image:width\" content=\"820\" \/>\n\t<meta property=\"og:image:height\" content=\"312\" \/>\n\t<meta property=\"og:image:type\" content=\"image\/jpeg\" \/>\n<meta name=\"twitter:card\" content=\"summary_large_image\" \/>\n<meta name=\"twitter:label1\" content=\"\u00c9crit par\" \/>\n\t<meta name=\"twitter:data1\" content=\"tondo\" \/>\n\t<meta name=\"twitter:label2\" content=\"Dur\u00e9e de lecture estim\u00e9e\" \/>\n\t<meta name=\"twitter:data2\" content=\"2 minutes\" \/>\n<script type=\"application\/ld+json\" class=\"yoast-schema-graph\">{\"@context\":\"https:\/\/schema.org\",\"@graph\":[{\"@type\":\"WebSite\",\"@id\":\"http:\/\/www.tondointeractive.com\/lance8\/#website\",\"url\":\"http:\/\/www.tondointeractive.com\/lance8\/\",\"name\":\"Centre culturel italo-fran\u00e7ais\",\"description\":\"\",\"potentialAction\":[{\"@type\":\"SearchAction\",\"target\":{\"@type\":\"EntryPoint\",\"urlTemplate\":\"http:\/\/www.tondointeractive.com\/lance8\/?s={search_term_string}\"},\"query-input\":\"required name=search_term_string\"}],\"inLanguage\":\"fr-FR\"},{\"@type\":\"ImageObject\",\"@id\":\"http:\/\/www.tondointeractive.com\/lance8\/la-tasse-a-cafe-de-flavio-gallozzi\/#primaryimage\",\"inLanguage\":\"fr-FR\",\"url\":\"http:\/\/www.tondointeractive.com\/lance8\/wp-content\/uploads\/vio.jpg\",\"contentUrl\":\"http:\/\/www.tondointeractive.com\/lance8\/wp-content\/uploads\/vio.jpg\",\"width\":820,\"height\":312},{\"@type\":\"WebPage\",\"@id\":\"http:\/\/www.tondointeractive.com\/lance8\/la-tasse-a-cafe-de-flavio-gallozzi\/#webpage\",\"url\":\"http:\/\/www.tondointeractive.com\/lance8\/la-tasse-a-cafe-de-flavio-gallozzi\/\",\"name\":\"La tasse \u00e0 caf\u00e9 de Flavio Gallozzi - Centre culturel italo-fran\u00e7ais\",\"isPartOf\":{\"@id\":\"http:\/\/www.tondointeractive.com\/lance8\/#website\"},\"primaryImageOfPage\":{\"@id\":\"http:\/\/www.tondointeractive.com\/lance8\/la-tasse-a-cafe-de-flavio-gallozzi\/#primaryimage\"},\"datePublished\":\"2022-02-18T11:29:00+00:00\",\"dateModified\":\"2022-02-20T15:50:10+00:00\",\"author\":{\"@id\":\"http:\/\/www.tondointeractive.com\/lance8\/#\/schema\/person\/7486292797ff9d3d35eff2394b2f268e\"},\"breadcrumb\":{\"@id\":\"http:\/\/www.tondointeractive.com\/lance8\/la-tasse-a-cafe-de-flavio-gallozzi\/#breadcrumb\"},\"inLanguage\":\"fr-FR\",\"potentialAction\":[{\"@type\":\"ReadAction\",\"target\":[\"http:\/\/www.tondointeractive.com\/lance8\/la-tasse-a-cafe-de-flavio-gallozzi\/\"]}]},{\"@type\":\"BreadcrumbList\",\"@id\":\"http:\/\/www.tondointeractive.com\/lance8\/la-tasse-a-cafe-de-flavio-gallozzi\/#breadcrumb\",\"itemListElement\":[{\"@type\":\"ListItem\",\"position\":1,\"name\":\"Accueil\",\"item\":\"http:\/\/www.tondointeractive.com\/lance8\/\"},{\"@type\":\"ListItem\",\"position\":2,\"name\":\"La tasse \u00e0 caf\u00e9 de Flavio Gallozzi\"}]},{\"@type\":\"Person\",\"@id\":\"http:\/\/www.tondointeractive.com\/lance8\/#\/schema\/person\/7486292797ff9d3d35eff2394b2f268e\",\"name\":\"tondo\",\"image\":{\"@type\":\"ImageObject\",\"@id\":\"http:\/\/www.tondointeractive.com\/lance8\/#personlogo\",\"inLanguage\":\"fr-FR\",\"url\":\"http:\/\/2.gravatar.com\/avatar\/2c7d7b4a0346f83013c7c22505bcaec6?s=96&d=mm&r=g\",\"contentUrl\":\"http:\/\/2.gravatar.com\/avatar\/2c7d7b4a0346f83013c7c22505bcaec6?s=96&d=mm&r=g\",\"caption\":\"tondo\"},\"url\":\"http:\/\/www.tondointeractive.com\/lance8\/author\/tondo\/\"}]}<\/script>\n<!-- \/ Yoast SEO plugin. -->","yoast_head_json":{"robots":{"index":"index","follow":"follow","max-snippet":"max-snippet:-1","max-image-preview":"max-image-preview:large","max-video-preview":"max-video-preview:-1"},"canonical":"http:\/\/www.tondointeractive.com\/lance8\/la-tasse-a-cafe-de-flavio-gallozzi\/","og_locale":"fr_FR","og_type":"article","og_title":"La tasse \u00e0 caf\u00e9 de Flavio Gallozzi - Centre culturel italo-fran\u00e7ais","og_description":"J&#8217;appr\u00e9cie tout particuli\u00e8rement vos travaux d&#8217;ariste que j&#8217;admire et qui motivent le pr\u00e9sent message que je vous adresse et qui fait l&#8217;objet d\u2019une publication sur le blog du centre culturel italo-fran\u00e7ais qui a pour adresse www.viadeigracchi.com Gr\u00e2ce \u00e0 Dora Giannetti et depuis longtemps de nombreux artistes r\u00e9pondent aux questions que l\u2019on se pose quant aux [&hellip;]","og_url":"http:\/\/www.tondointeractive.com\/lance8\/la-tasse-a-cafe-de-flavio-gallozzi\/","og_site_name":"Centre culturel italo-fran\u00e7ais","article_published_time":"2022-02-18T11:29:00+00:00","article_modified_time":"2022-02-20T15:50:10+00:00","og_image":[{"width":820,"height":312,"url":"http:\/\/www.tondointeractive.com\/lance8\/wp-content\/uploads\/vio.jpg","type":"image\/jpeg"}],"twitter_card":"summary_large_image","twitter_misc":{"\u00c9crit par":"tondo","Dur\u00e9e de lecture estim\u00e9e":"2 minutes"},"schema":{"@context":"https:\/\/schema.org","@graph":[{"@type":"WebSite","@id":"http:\/\/www.tondointeractive.com\/lance8\/#website","url":"http:\/\/www.tondointeractive.com\/lance8\/","name":"Centre culturel italo-fran\u00e7ais","description":"","potentialAction":[{"@type":"SearchAction","target":{"@type":"EntryPoint","urlTemplate":"http:\/\/www.tondointeractive.com\/lance8\/?s={search_term_string}"},"query-input":"required name=search_term_string"}],"inLanguage":"fr-FR"},{"@type":"ImageObject","@id":"http:\/\/www.tondointeractive.com\/lance8\/la-tasse-a-cafe-de-flavio-gallozzi\/#primaryimage","inLanguage":"fr-FR","url":"http:\/\/www.tondointeractive.com\/lance8\/wp-content\/uploads\/vio.jpg","contentUrl":"http:\/\/www.tondointeractive.com\/lance8\/wp-content\/uploads\/vio.jpg","width":820,"height":312},{"@type":"WebPage","@id":"http:\/\/www.tondointeractive.com\/lance8\/la-tasse-a-cafe-de-flavio-gallozzi\/#webpage","url":"http:\/\/www.tondointeractive.com\/lance8\/la-tasse-a-cafe-de-flavio-gallozzi\/","name":"La tasse \u00e0 caf\u00e9 de Flavio Gallozzi - Centre culturel italo-fran\u00e7ais","isPartOf":{"@id":"http:\/\/www.tondointeractive.com\/lance8\/#website"},"primaryImageOfPage":{"@id":"http:\/\/www.tondointeractive.com\/lance8\/la-tasse-a-cafe-de-flavio-gallozzi\/#primaryimage"},"datePublished":"2022-02-18T11:29:00+00:00","dateModified":"2022-02-20T15:50:10+00:00","author":{"@id":"http:\/\/www.tondointeractive.com\/lance8\/#\/schema\/person\/7486292797ff9d3d35eff2394b2f268e"},"breadcrumb":{"@id":"http:\/\/www.tondointeractive.com\/lance8\/la-tasse-a-cafe-de-flavio-gallozzi\/#breadcrumb"},"inLanguage":"fr-FR","potentialAction":[{"@type":"ReadAction","target":["http:\/\/www.tondointeractive.com\/lance8\/la-tasse-a-cafe-de-flavio-gallozzi\/"]}]},{"@type":"BreadcrumbList","@id":"http:\/\/www.tondointeractive.com\/lance8\/la-tasse-a-cafe-de-flavio-gallozzi\/#breadcrumb","itemListElement":[{"@type":"ListItem","position":1,"name":"Accueil","item":"http:\/\/www.tondointeractive.com\/lance8\/"},{"@type":"ListItem","position":2,"name":"La tasse \u00e0 caf\u00e9 de Flavio Gallozzi"}]},{"@type":"Person","@id":"http:\/\/www.tondointeractive.com\/lance8\/#\/schema\/person\/7486292797ff9d3d35eff2394b2f268e","name":"tondo","image":{"@type":"ImageObject","@id":"http:\/\/www.tondointeractive.com\/lance8\/#personlogo","inLanguage":"fr-FR","url":"http:\/\/2.gravatar.com\/avatar\/2c7d7b4a0346f83013c7c22505bcaec6?s=96&d=mm&r=g","contentUrl":"http:\/\/2.gravatar.com\/avatar\/2c7d7b4a0346f83013c7c22505bcaec6?s=96&d=mm&r=g","caption":"tondo"},"url":"http:\/\/www.tondointeractive.com\/lance8\/author\/tondo\/"}]}},"_links":{"self":[{"href":"http:\/\/www.tondointeractive.com\/lance8\/wp-json\/wp\/v2\/posts\/3652"}],"collection":[{"href":"http:\/\/www.tondointeractive.com\/lance8\/wp-json\/wp\/v2\/posts"}],"about":[{"href":"http:\/\/www.tondointeractive.com\/lance8\/wp-json\/wp\/v2\/types\/post"}],"author":[{"embeddable":true,"href":"http:\/\/www.tondointeractive.com\/lance8\/wp-json\/wp\/v2\/users\/1"}],"replies":[{"embeddable":true,"href":"http:\/\/www.tondointeractive.com\/lance8\/wp-json\/wp\/v2\/comments?post=3652"}],"version-history":[{"count":3,"href":"http:\/\/www.tondointeractive.com\/lance8\/wp-json\/wp\/v2\/posts\/3652\/revisions"}],"predecessor-version":[{"id":3657,"href":"http:\/\/www.tondointeractive.com\/lance8\/wp-json\/wp\/v2\/posts\/3652\/revisions\/3657"}],"wp:featuredmedia":[{"embeddable":true,"href":"http:\/\/www.tondointeractive.com\/lance8\/wp-json\/wp\/v2\/media\/3654"}],"wp:attachment":[{"href":"http:\/\/www.tondointeractive.com\/lance8\/wp-json\/wp\/v2\/media?parent=3652"}],"wp:term":[{"taxonomy":"category","embeddable":true,"href":"http:\/\/www.tondointeractive.com\/lance8\/wp-json\/wp\/v2\/categories?post=3652"},{"taxonomy":"post_tag","embeddable":true,"href":"http:\/\/www.tondointeractive.com\/lance8\/wp-json\/wp\/v2\/tags?post=3652"}],"curies":[{"name":"wp","href":"https:\/\/api.w.org\/{rel}","templated":true}]}}