{"id":3630,"date":"2022-02-13T15:23:15","date_gmt":"2022-02-13T14:23:15","guid":{"rendered":"https:\/\/www.tondointeractive.com\/lance8\/?p=3630"},"modified":"2022-02-16T13:36:20","modified_gmt":"2022-02-16T12:36:20","slug":"reportage-de-dora-giannetti-antoine-guillaume-tondo-basilica-di-san-ambrogio","status":"publish","type":"post","link":"http:\/\/www.tondointeractive.com\/lance8\/reportage-de-dora-giannetti-antoine-guillaume-tondo-basilica-di-san-ambrogio\/","title":{"rendered":"Reportage de Dora Giannetti &#038; Antoine-Guillaume Tondo &#8211; Basilica di San Ambrogio"},"content":{"rendered":"\n<p>Dora Giannetti fait partie du groupe de photographes ayant collabor\u00e9 avec Grazia Neri. Cette image provient d&#8217;un reportage r\u00e9alis\u00e9 par elle en collaboration avec Antoine-Guillaume \u00e0 l&#8217;Oratorio de la Basilica de San Ambrogio, reportage ayant pour but de donner \u00e0 voir et \u00e0 entendre ce que peut donner un travail d&#8217;\u00e9criture bas\u00e9 sur la cr\u00e9ation d&#8217;une m\u00e9lodie entre acteurs de la vie sociale et culturelle voyageant entre Paris et Rome, entre Rome et Milan, entre Houilles, ville symbole de Libert\u00e9 et la r\u00e9gion des Pouilles o\u00f9 la compagnie Tondo &amp; Co s&#8217;est illustr\u00e9e \u00e0 travers une musique pop r\u00e9alis\u00e9e dans la r\u00e9gion parisienne depuis 1977 sous le nom de Never Together. Nous attendons de la R\u00e9gion Lombardie le budget n\u00e9cessaire destin\u00e9 \u00e0 la l&#8217;\u00e9dition d&#8217;un magazine musical pr\u00e9sent\u00e9 sur les ondes de la radio du Centre Culturel italo-fran\u00e7ais &#8220;Nock Italia Radio&#8221; <a href=\"https:\/\/www.nockitaliaradio.audio\">www.nockitaliaradio.audio<\/a> &#8211; Prochain rendez-vous \u00e0 Lapalisse demain 14 f\u00e9vrier \u00e0 20 heures. <\/p>\n","protected":false},"excerpt":{"rendered":"<p>Dora Giannetti fait partie du groupe de photographes ayant collabor\u00e9 avec Grazia Neri. Cette image provient d&#8217;un reportage r\u00e9alis\u00e9 par elle en collaboration avec Antoine-Guillaume \u00e0 l&#8217;Oratorio de la Basilica de San Ambrogio, reportage ayant pour but de donner \u00e0 voir et \u00e0 entendre ce que peut donner un travail d&#8217;\u00e9criture bas\u00e9 sur la cr\u00e9ation [&hellip;]<\/p>\n","protected":false},"author":1,"featured_media":3631,"comment_status":"open","ping_status":"open","sticky":false,"template":"","format":"standard","meta":[],"categories":[51],"tags":[],"yoast_head":"<!-- This site is optimized with the Yoast SEO plugin v18.0 - https:\/\/yoast.com\/wordpress\/plugins\/seo\/ -->\n<meta name=\"robots\" content=\"index, follow, max-snippet:-1, max-image-preview:large, max-video-preview:-1\" \/>\n<link rel=\"canonical\" href=\"http:\/\/www.tondointeractive.com\/lance8\/reportage-de-dora-giannetti-antoine-guillaume-tondo-basilica-di-san-ambrogio\/\" \/>\n<meta property=\"og:locale\" content=\"fr_FR\" \/>\n<meta property=\"og:type\" content=\"article\" \/>\n<meta property=\"og:title\" content=\"Reportage de Dora Giannetti &amp; Antoine-Guillaume Tondo - Basilica di San Ambrogio - Centre culturel italo-fran\u00e7ais\" \/>\n<meta property=\"og:description\" content=\"Dora Giannetti fait partie du groupe de photographes ayant collabor\u00e9 avec Grazia Neri. Cette image provient d&#8217;un reportage r\u00e9alis\u00e9 par elle en collaboration avec Antoine-Guillaume \u00e0 l&#8217;Oratorio de la Basilica de San Ambrogio, reportage ayant pour but de donner \u00e0 voir et \u00e0 entendre ce que peut donner un travail d&#8217;\u00e9criture bas\u00e9 sur la cr\u00e9ation [&hellip;]\" \/>\n<meta property=\"og:url\" content=\"http:\/\/www.tondointeractive.com\/lance8\/reportage-de-dora-giannetti-antoine-guillaume-tondo-basilica-di-san-ambrogio\/\" \/>\n<meta property=\"og:site_name\" content=\"Centre culturel italo-fran\u00e7ais\" \/>\n<meta property=\"article:published_time\" content=\"2022-02-13T14:23:15+00:00\" \/>\n<meta property=\"article:modified_time\" content=\"2022-02-16T12:36:20+00:00\" \/>\n<meta property=\"og:image\" content=\"http:\/\/www.tondointeractive.com\/lance8\/wp-content\/uploads\/Capture-de\u0301cran-2022-02-13-a\u0300-14.25.23-1024x640.png\" \/>\n\t<meta property=\"og:image:width\" content=\"1024\" \/>\n\t<meta property=\"og:image:height\" content=\"640\" \/>\n\t<meta property=\"og:image:type\" content=\"image\/png\" \/>\n<meta name=\"twitter:card\" content=\"summary_large_image\" \/>\n<meta name=\"twitter:label1\" content=\"\u00c9crit par\" \/>\n\t<meta name=\"twitter:data1\" content=\"tondo\" \/>\n\t<meta name=\"twitter:label2\" content=\"Dur\u00e9e de lecture estim\u00e9e\" \/>\n\t<meta name=\"twitter:data2\" content=\"1 minute\" \/>\n<script type=\"application\/ld+json\" class=\"yoast-schema-graph\">{\"@context\":\"https:\/\/schema.org\",\"@graph\":[{\"@type\":\"WebSite\",\"@id\":\"http:\/\/www.tondointeractive.com\/lance8\/#website\",\"url\":\"http:\/\/www.tondointeractive.com\/lance8\/\",\"name\":\"Centre culturel italo-fran\u00e7ais\",\"description\":\"\",\"potentialAction\":[{\"@type\":\"SearchAction\",\"target\":{\"@type\":\"EntryPoint\",\"urlTemplate\":\"http:\/\/www.tondointeractive.com\/lance8\/?s={search_term_string}\"},\"query-input\":\"required name=search_term_string\"}],\"inLanguage\":\"fr-FR\"},{\"@type\":\"ImageObject\",\"@id\":\"http:\/\/www.tondointeractive.com\/lance8\/reportage-de-dora-giannetti-antoine-guillaume-tondo-basilica-di-san-ambrogio\/#primaryimage\",\"inLanguage\":\"fr-FR\",\"url\":\"http:\/\/www.tondointeractive.com\/lance8\/wp-content\/uploads\/Capture-de\u0301cran-2022-02-13-a\u0300-14.25.23.png\",\"contentUrl\":\"http:\/\/www.tondointeractive.com\/lance8\/wp-content\/uploads\/Capture-de\u0301cran-2022-02-13-a\u0300-14.25.23.png\",\"width\":2560,\"height\":1600},{\"@type\":\"WebPage\",\"@id\":\"http:\/\/www.tondointeractive.com\/lance8\/reportage-de-dora-giannetti-antoine-guillaume-tondo-basilica-di-san-ambrogio\/#webpage\",\"url\":\"http:\/\/www.tondointeractive.com\/lance8\/reportage-de-dora-giannetti-antoine-guillaume-tondo-basilica-di-san-ambrogio\/\",\"name\":\"Reportage de Dora Giannetti & Antoine-Guillaume Tondo - Basilica di San Ambrogio - Centre culturel italo-fran\u00e7ais\",\"isPartOf\":{\"@id\":\"http:\/\/www.tondointeractive.com\/lance8\/#website\"},\"primaryImageOfPage\":{\"@id\":\"http:\/\/www.tondointeractive.com\/lance8\/reportage-de-dora-giannetti-antoine-guillaume-tondo-basilica-di-san-ambrogio\/#primaryimage\"},\"datePublished\":\"2022-02-13T14:23:15+00:00\",\"dateModified\":\"2022-02-16T12:36:20+00:00\",\"author\":{\"@id\":\"http:\/\/www.tondointeractive.com\/lance8\/#\/schema\/person\/7486292797ff9d3d35eff2394b2f268e\"},\"breadcrumb\":{\"@id\":\"http:\/\/www.tondointeractive.com\/lance8\/reportage-de-dora-giannetti-antoine-guillaume-tondo-basilica-di-san-ambrogio\/#breadcrumb\"},\"inLanguage\":\"fr-FR\",\"potentialAction\":[{\"@type\":\"ReadAction\",\"target\":[\"http:\/\/www.tondointeractive.com\/lance8\/reportage-de-dora-giannetti-antoine-guillaume-tondo-basilica-di-san-ambrogio\/\"]}]},{\"@type\":\"BreadcrumbList\",\"@id\":\"http:\/\/www.tondointeractive.com\/lance8\/reportage-de-dora-giannetti-antoine-guillaume-tondo-basilica-di-san-ambrogio\/#breadcrumb\",\"itemListElement\":[{\"@type\":\"ListItem\",\"position\":1,\"name\":\"Accueil\",\"item\":\"http:\/\/www.tondointeractive.com\/lance8\/\"},{\"@type\":\"ListItem\",\"position\":2,\"name\":\"Reportage de Dora Giannetti &#038; Antoine-Guillaume Tondo &#8211; Basilica di San Ambrogio\"}]},{\"@type\":\"Person\",\"@id\":\"http:\/\/www.tondointeractive.com\/lance8\/#\/schema\/person\/7486292797ff9d3d35eff2394b2f268e\",\"name\":\"tondo\",\"image\":{\"@type\":\"ImageObject\",\"@id\":\"http:\/\/www.tondointeractive.com\/lance8\/#personlogo\",\"inLanguage\":\"fr-FR\",\"url\":\"http:\/\/2.gravatar.com\/avatar\/2c7d7b4a0346f83013c7c22505bcaec6?s=96&d=mm&r=g\",\"contentUrl\":\"http:\/\/2.gravatar.com\/avatar\/2c7d7b4a0346f83013c7c22505bcaec6?s=96&d=mm&r=g\",\"caption\":\"tondo\"},\"url\":\"http:\/\/www.tondointeractive.com\/lance8\/author\/tondo\/\"}]}<\/script>\n<!-- \/ Yoast SEO plugin. -->","yoast_head_json":{"robots":{"index":"index","follow":"follow","max-snippet":"max-snippet:-1","max-image-preview":"max-image-preview:large","max-video-preview":"max-video-preview:-1"},"canonical":"http:\/\/www.tondointeractive.com\/lance8\/reportage-de-dora-giannetti-antoine-guillaume-tondo-basilica-di-san-ambrogio\/","og_locale":"fr_FR","og_type":"article","og_title":"Reportage de Dora Giannetti & Antoine-Guillaume Tondo - Basilica di San Ambrogio - Centre culturel italo-fran\u00e7ais","og_description":"Dora Giannetti fait partie du groupe de photographes ayant collabor\u00e9 avec Grazia Neri. Cette image provient d&#8217;un reportage r\u00e9alis\u00e9 par elle en collaboration avec Antoine-Guillaume \u00e0 l&#8217;Oratorio de la Basilica de San Ambrogio, reportage ayant pour but de donner \u00e0 voir et \u00e0 entendre ce que peut donner un travail d&#8217;\u00e9criture bas\u00e9 sur la cr\u00e9ation [&hellip;]","og_url":"http:\/\/www.tondointeractive.com\/lance8\/reportage-de-dora-giannetti-antoine-guillaume-tondo-basilica-di-san-ambrogio\/","og_site_name":"Centre culturel italo-fran\u00e7ais","article_published_time":"2022-02-13T14:23:15+00:00","article_modified_time":"2022-02-16T12:36:20+00:00","og_image":[{"width":1024,"height":640,"url":"http:\/\/www.tondointeractive.com\/lance8\/wp-content\/uploads\/Capture-de\u0301cran-2022-02-13-a\u0300-14.25.23-1024x640.png","type":"image\/png"}],"twitter_card":"summary_large_image","twitter_misc":{"\u00c9crit par":"tondo","Dur\u00e9e de lecture estim\u00e9e":"1 minute"},"schema":{"@context":"https:\/\/schema.org","@graph":[{"@type":"WebSite","@id":"http:\/\/www.tondointeractive.com\/lance8\/#website","url":"http:\/\/www.tondointeractive.com\/lance8\/","name":"Centre culturel italo-fran\u00e7ais","description":"","potentialAction":[{"@type":"SearchAction","target":{"@type":"EntryPoint","urlTemplate":"http:\/\/www.tondointeractive.com\/lance8\/?s={search_term_string}"},"query-input":"required name=search_term_string"}],"inLanguage":"fr-FR"},{"@type":"ImageObject","@id":"http:\/\/www.tondointeractive.com\/lance8\/reportage-de-dora-giannetti-antoine-guillaume-tondo-basilica-di-san-ambrogio\/#primaryimage","inLanguage":"fr-FR","url":"http:\/\/www.tondointeractive.com\/lance8\/wp-content\/uploads\/Capture-de\u0301cran-2022-02-13-a\u0300-14.25.23.png","contentUrl":"http:\/\/www.tondointeractive.com\/lance8\/wp-content\/uploads\/Capture-de\u0301cran-2022-02-13-a\u0300-14.25.23.png","width":2560,"height":1600},{"@type":"WebPage","@id":"http:\/\/www.tondointeractive.com\/lance8\/reportage-de-dora-giannetti-antoine-guillaume-tondo-basilica-di-san-ambrogio\/#webpage","url":"http:\/\/www.tondointeractive.com\/lance8\/reportage-de-dora-giannetti-antoine-guillaume-tondo-basilica-di-san-ambrogio\/","name":"Reportage de Dora Giannetti & Antoine-Guillaume Tondo - Basilica di San Ambrogio - Centre culturel italo-fran\u00e7ais","isPartOf":{"@id":"http:\/\/www.tondointeractive.com\/lance8\/#website"},"primaryImageOfPage":{"@id":"http:\/\/www.tondointeractive.com\/lance8\/reportage-de-dora-giannetti-antoine-guillaume-tondo-basilica-di-san-ambrogio\/#primaryimage"},"datePublished":"2022-02-13T14:23:15+00:00","dateModified":"2022-02-16T12:36:20+00:00","author":{"@id":"http:\/\/www.tondointeractive.com\/lance8\/#\/schema\/person\/7486292797ff9d3d35eff2394b2f268e"},"breadcrumb":{"@id":"http:\/\/www.tondointeractive.com\/lance8\/reportage-de-dora-giannetti-antoine-guillaume-tondo-basilica-di-san-ambrogio\/#breadcrumb"},"inLanguage":"fr-FR","potentialAction":[{"@type":"ReadAction","target":["http:\/\/www.tondointeractive.com\/lance8\/reportage-de-dora-giannetti-antoine-guillaume-tondo-basilica-di-san-ambrogio\/"]}]},{"@type":"BreadcrumbList","@id":"http:\/\/www.tondointeractive.com\/lance8\/reportage-de-dora-giannetti-antoine-guillaume-tondo-basilica-di-san-ambrogio\/#breadcrumb","itemListElement":[{"@type":"ListItem","position":1,"name":"Accueil","item":"http:\/\/www.tondointeractive.com\/lance8\/"},{"@type":"ListItem","position":2,"name":"Reportage de Dora Giannetti &#038; Antoine-Guillaume Tondo &#8211; Basilica di San Ambrogio"}]},{"@type":"Person","@id":"http:\/\/www.tondointeractive.com\/lance8\/#\/schema\/person\/7486292797ff9d3d35eff2394b2f268e","name":"tondo","image":{"@type":"ImageObject","@id":"http:\/\/www.tondointeractive.com\/lance8\/#personlogo","inLanguage":"fr-FR","url":"http:\/\/2.gravatar.com\/avatar\/2c7d7b4a0346f83013c7c22505bcaec6?s=96&d=mm&r=g","contentUrl":"http:\/\/2.gravatar.com\/avatar\/2c7d7b4a0346f83013c7c22505bcaec6?s=96&d=mm&r=g","caption":"tondo"},"url":"http:\/\/www.tondointeractive.com\/lance8\/author\/tondo\/"}]}},"_links":{"self":[{"href":"http:\/\/www.tondointeractive.com\/lance8\/wp-json\/wp\/v2\/posts\/3630"}],"collection":[{"href":"http:\/\/www.tondointeractive.com\/lance8\/wp-json\/wp\/v2\/posts"}],"about":[{"href":"http:\/\/www.tondointeractive.com\/lance8\/wp-json\/wp\/v2\/types\/post"}],"author":[{"embeddable":true,"href":"http:\/\/www.tondointeractive.com\/lance8\/wp-json\/wp\/v2\/users\/1"}],"replies":[{"embeddable":true,"href":"http:\/\/www.tondointeractive.com\/lance8\/wp-json\/wp\/v2\/comments?post=3630"}],"version-history":[{"count":4,"href":"http:\/\/www.tondointeractive.com\/lance8\/wp-json\/wp\/v2\/posts\/3630\/revisions"}],"predecessor-version":[{"id":3638,"href":"http:\/\/www.tondointeractive.com\/lance8\/wp-json\/wp\/v2\/posts\/3630\/revisions\/3638"}],"wp:featuredmedia":[{"embeddable":true,"href":"http:\/\/www.tondointeractive.com\/lance8\/wp-json\/wp\/v2\/media\/3631"}],"wp:attachment":[{"href":"http:\/\/www.tondointeractive.com\/lance8\/wp-json\/wp\/v2\/media?parent=3630"}],"wp:term":[{"taxonomy":"category","embeddable":true,"href":"http:\/\/www.tondointeractive.com\/lance8\/wp-json\/wp\/v2\/categories?post=3630"},{"taxonomy":"post_tag","embeddable":true,"href":"http:\/\/www.tondointeractive.com\/lance8\/wp-json\/wp\/v2\/tags?post=3630"}],"curies":[{"name":"wp","href":"https:\/\/api.w.org\/{rel}","templated":true}]}}