{"id":3620,"date":"2022-02-06T15:16:19","date_gmt":"2022-02-06T14:16:19","guid":{"rendered":"http:\/\/www.tondointeractive.com\/lance8\/?p=3620"},"modified":"2022-02-06T15:16:21","modified_gmt":"2022-02-06T14:16:21","slug":"mode-musique-tres-bien-ensemble-a-rome-le-6-2-22-evenement-dora-giannetti","status":"publish","type":"post","link":"http:\/\/www.tondointeractive.com\/lance8\/mode-musique-tres-bien-ensemble-a-rome-le-6-2-22-evenement-dora-giannetti\/","title":{"rendered":"Mode &#038; musique tr\u00e8s bien ensemble \u00e0 Rome le 6\/2\/22 &#8211; \u00e9v\u00e9nement Dora Giannetti"},"content":{"rendered":"\n<p>Cette photo est une bonne synth\u00e8se des propositions multiples de l&#8217;artiste pluri-disciplinaire Dora Giannetti, qui, comme on le sait vient d&#8217;achever l&#8217;enregistrement du premier single d&#8217;une carri\u00e8re marqu\u00e9e par la passion de l&#8217;ethnique, en terme de style vestimentaire&#8230; Non vous ne r\u00eavez pas, vous \u00eates \u00e0 Rome, non pas dans un mus\u00e9e, mais au bord du Tibre. Ces v\u00eatements que Dora Giannetti raconte, vous pouvez les toucher, les emporter chez vous, pour les porter, puisqu&#8217;ils sont disponibles \u00e0 la vente sur place. Celles et ceux qui n&#8217;ont pas eu vent de l&#8217;information quant \u00e0 l&#8217;heureuse pr\u00e9sence de Dora Giannetti, peuvent prendre contact pour en savoir plus, sur ce qui est propos\u00e9 en terme de produits d&#8217;excellence, des produits accessibles \u00e0 toutes les bourses. Incroyable..oui&#8230;mais bel et bien r\u00e9el. Contact en bas de la page d&#8217;accueil <a href=\"http:\/\/www.viadeigracchi.com\">www.viadeigracchi.com<\/a> <\/p>\n","protected":false},"excerpt":{"rendered":"<p>Cette photo est une bonne synth\u00e8se des propositions multiples de l&#8217;artiste pluri-disciplinaire Dora Giannetti, qui, comme on le sait vient d&#8217;achever l&#8217;enregistrement du premier single d&#8217;une carri\u00e8re marqu\u00e9e par la passion de l&#8217;ethnique, en terme de style vestimentaire&#8230; Non vous ne r\u00eavez pas, vous \u00eates \u00e0 Rome, non pas dans un mus\u00e9e, mais au bord [&hellip;]<\/p>\n","protected":false},"author":1,"featured_media":3621,"comment_status":"open","ping_status":"open","sticky":false,"template":"","format":"standard","meta":[],"categories":[51],"tags":[],"yoast_head":"<!-- This site is optimized with the Yoast SEO plugin v18.0 - https:\/\/yoast.com\/wordpress\/plugins\/seo\/ -->\n<meta name=\"robots\" content=\"index, follow, max-snippet:-1, max-image-preview:large, max-video-preview:-1\" \/>\n<link rel=\"canonical\" href=\"http:\/\/www.tondointeractive.com\/lance8\/mode-musique-tres-bien-ensemble-a-rome-le-6-2-22-evenement-dora-giannetti\/\" \/>\n<meta property=\"og:locale\" content=\"fr_FR\" \/>\n<meta property=\"og:type\" content=\"article\" \/>\n<meta property=\"og:title\" content=\"Mode &amp; musique tr\u00e8s bien ensemble \u00e0 Rome le 6\/2\/22 - \u00e9v\u00e9nement Dora Giannetti - Centre culturel italo-fran\u00e7ais\" \/>\n<meta property=\"og:description\" content=\"Cette photo est une bonne synth\u00e8se des propositions multiples de l&#8217;artiste pluri-disciplinaire Dora Giannetti, qui, comme on le sait vient d&#8217;achever l&#8217;enregistrement du premier single d&#8217;une carri\u00e8re marqu\u00e9e par la passion de l&#8217;ethnique, en terme de style vestimentaire&#8230; Non vous ne r\u00eavez pas, vous \u00eates \u00e0 Rome, non pas dans un mus\u00e9e, mais au bord [&hellip;]\" \/>\n<meta property=\"og:url\" content=\"http:\/\/www.tondointeractive.com\/lance8\/mode-musique-tres-bien-ensemble-a-rome-le-6-2-22-evenement-dora-giannetti\/\" \/>\n<meta property=\"og:site_name\" content=\"Centre culturel italo-fran\u00e7ais\" \/>\n<meta property=\"article:published_time\" content=\"2022-02-06T14:16:19+00:00\" \/>\n<meta property=\"article:modified_time\" content=\"2022-02-06T14:16:21+00:00\" \/>\n<meta property=\"og:image\" content=\"http:\/\/www.tondointeractive.com\/lance8\/wp-content\/uploads\/IMG-milvio.jpg\" \/>\n\t<meta property=\"og:image:width\" content=\"2016\" \/>\n\t<meta property=\"og:image:height\" content=\"1512\" \/>\n\t<meta property=\"og:image:type\" content=\"image\/jpeg\" \/>\n<meta name=\"twitter:card\" content=\"summary_large_image\" \/>\n<meta name=\"twitter:label1\" content=\"\u00c9crit par\" \/>\n\t<meta name=\"twitter:data1\" content=\"tondo\" \/>\n\t<meta name=\"twitter:label2\" content=\"Dur\u00e9e de lecture estim\u00e9e\" \/>\n\t<meta name=\"twitter:data2\" content=\"1 minute\" \/>\n<script type=\"application\/ld+json\" class=\"yoast-schema-graph\">{\"@context\":\"https:\/\/schema.org\",\"@graph\":[{\"@type\":\"WebSite\",\"@id\":\"http:\/\/www.tondointeractive.com\/lance8\/#website\",\"url\":\"http:\/\/www.tondointeractive.com\/lance8\/\",\"name\":\"Centre culturel italo-fran\u00e7ais\",\"description\":\"\",\"potentialAction\":[{\"@type\":\"SearchAction\",\"target\":{\"@type\":\"EntryPoint\",\"urlTemplate\":\"http:\/\/www.tondointeractive.com\/lance8\/?s={search_term_string}\"},\"query-input\":\"required name=search_term_string\"}],\"inLanguage\":\"fr-FR\"},{\"@type\":\"ImageObject\",\"@id\":\"http:\/\/www.tondointeractive.com\/lance8\/mode-musique-tres-bien-ensemble-a-rome-le-6-2-22-evenement-dora-giannetti\/#primaryimage\",\"inLanguage\":\"fr-FR\",\"url\":\"http:\/\/www.tondointeractive.com\/lance8\/wp-content\/uploads\/IMG-milvio.jpg\",\"contentUrl\":\"http:\/\/www.tondointeractive.com\/lance8\/wp-content\/uploads\/IMG-milvio.jpg\",\"width\":2016,\"height\":1512},{\"@type\":\"WebPage\",\"@id\":\"http:\/\/www.tondointeractive.com\/lance8\/mode-musique-tres-bien-ensemble-a-rome-le-6-2-22-evenement-dora-giannetti\/#webpage\",\"url\":\"http:\/\/www.tondointeractive.com\/lance8\/mode-musique-tres-bien-ensemble-a-rome-le-6-2-22-evenement-dora-giannetti\/\",\"name\":\"Mode & musique tr\u00e8s bien ensemble \u00e0 Rome le 6\/2\/22 - \u00e9v\u00e9nement Dora Giannetti - Centre culturel italo-fran\u00e7ais\",\"isPartOf\":{\"@id\":\"http:\/\/www.tondointeractive.com\/lance8\/#website\"},\"primaryImageOfPage\":{\"@id\":\"http:\/\/www.tondointeractive.com\/lance8\/mode-musique-tres-bien-ensemble-a-rome-le-6-2-22-evenement-dora-giannetti\/#primaryimage\"},\"datePublished\":\"2022-02-06T14:16:19+00:00\",\"dateModified\":\"2022-02-06T14:16:21+00:00\",\"author\":{\"@id\":\"http:\/\/www.tondointeractive.com\/lance8\/#\/schema\/person\/7486292797ff9d3d35eff2394b2f268e\"},\"breadcrumb\":{\"@id\":\"http:\/\/www.tondointeractive.com\/lance8\/mode-musique-tres-bien-ensemble-a-rome-le-6-2-22-evenement-dora-giannetti\/#breadcrumb\"},\"inLanguage\":\"fr-FR\",\"potentialAction\":[{\"@type\":\"ReadAction\",\"target\":[\"http:\/\/www.tondointeractive.com\/lance8\/mode-musique-tres-bien-ensemble-a-rome-le-6-2-22-evenement-dora-giannetti\/\"]}]},{\"@type\":\"BreadcrumbList\",\"@id\":\"http:\/\/www.tondointeractive.com\/lance8\/mode-musique-tres-bien-ensemble-a-rome-le-6-2-22-evenement-dora-giannetti\/#breadcrumb\",\"itemListElement\":[{\"@type\":\"ListItem\",\"position\":1,\"name\":\"Accueil\",\"item\":\"http:\/\/www.tondointeractive.com\/lance8\/\"},{\"@type\":\"ListItem\",\"position\":2,\"name\":\"Mode &#038; musique tr\u00e8s bien ensemble \u00e0 Rome le 6\/2\/22 &#8211; \u00e9v\u00e9nement Dora Giannetti\"}]},{\"@type\":\"Person\",\"@id\":\"http:\/\/www.tondointeractive.com\/lance8\/#\/schema\/person\/7486292797ff9d3d35eff2394b2f268e\",\"name\":\"tondo\",\"image\":{\"@type\":\"ImageObject\",\"@id\":\"http:\/\/www.tondointeractive.com\/lance8\/#personlogo\",\"inLanguage\":\"fr-FR\",\"url\":\"http:\/\/2.gravatar.com\/avatar\/2c7d7b4a0346f83013c7c22505bcaec6?s=96&d=mm&r=g\",\"contentUrl\":\"http:\/\/2.gravatar.com\/avatar\/2c7d7b4a0346f83013c7c22505bcaec6?s=96&d=mm&r=g\",\"caption\":\"tondo\"},\"url\":\"http:\/\/www.tondointeractive.com\/lance8\/author\/tondo\/\"}]}<\/script>\n<!-- \/ Yoast SEO plugin. -->","yoast_head_json":{"robots":{"index":"index","follow":"follow","max-snippet":"max-snippet:-1","max-image-preview":"max-image-preview:large","max-video-preview":"max-video-preview:-1"},"canonical":"http:\/\/www.tondointeractive.com\/lance8\/mode-musique-tres-bien-ensemble-a-rome-le-6-2-22-evenement-dora-giannetti\/","og_locale":"fr_FR","og_type":"article","og_title":"Mode & musique tr\u00e8s bien ensemble \u00e0 Rome le 6\/2\/22 - \u00e9v\u00e9nement Dora Giannetti - Centre culturel italo-fran\u00e7ais","og_description":"Cette photo est une bonne synth\u00e8se des propositions multiples de l&#8217;artiste pluri-disciplinaire Dora Giannetti, qui, comme on le sait vient d&#8217;achever l&#8217;enregistrement du premier single d&#8217;une carri\u00e8re marqu\u00e9e par la passion de l&#8217;ethnique, en terme de style vestimentaire&#8230; Non vous ne r\u00eavez pas, vous \u00eates \u00e0 Rome, non pas dans un mus\u00e9e, mais au bord [&hellip;]","og_url":"http:\/\/www.tondointeractive.com\/lance8\/mode-musique-tres-bien-ensemble-a-rome-le-6-2-22-evenement-dora-giannetti\/","og_site_name":"Centre culturel italo-fran\u00e7ais","article_published_time":"2022-02-06T14:16:19+00:00","article_modified_time":"2022-02-06T14:16:21+00:00","og_image":[{"width":2016,"height":1512,"url":"http:\/\/www.tondointeractive.com\/lance8\/wp-content\/uploads\/IMG-milvio.jpg","type":"image\/jpeg"}],"twitter_card":"summary_large_image","twitter_misc":{"\u00c9crit par":"tondo","Dur\u00e9e de lecture estim\u00e9e":"1 minute"},"schema":{"@context":"https:\/\/schema.org","@graph":[{"@type":"WebSite","@id":"http:\/\/www.tondointeractive.com\/lance8\/#website","url":"http:\/\/www.tondointeractive.com\/lance8\/","name":"Centre culturel italo-fran\u00e7ais","description":"","potentialAction":[{"@type":"SearchAction","target":{"@type":"EntryPoint","urlTemplate":"http:\/\/www.tondointeractive.com\/lance8\/?s={search_term_string}"},"query-input":"required name=search_term_string"}],"inLanguage":"fr-FR"},{"@type":"ImageObject","@id":"http:\/\/www.tondointeractive.com\/lance8\/mode-musique-tres-bien-ensemble-a-rome-le-6-2-22-evenement-dora-giannetti\/#primaryimage","inLanguage":"fr-FR","url":"http:\/\/www.tondointeractive.com\/lance8\/wp-content\/uploads\/IMG-milvio.jpg","contentUrl":"http:\/\/www.tondointeractive.com\/lance8\/wp-content\/uploads\/IMG-milvio.jpg","width":2016,"height":1512},{"@type":"WebPage","@id":"http:\/\/www.tondointeractive.com\/lance8\/mode-musique-tres-bien-ensemble-a-rome-le-6-2-22-evenement-dora-giannetti\/#webpage","url":"http:\/\/www.tondointeractive.com\/lance8\/mode-musique-tres-bien-ensemble-a-rome-le-6-2-22-evenement-dora-giannetti\/","name":"Mode & musique tr\u00e8s bien ensemble \u00e0 Rome le 6\/2\/22 - \u00e9v\u00e9nement Dora Giannetti - Centre culturel italo-fran\u00e7ais","isPartOf":{"@id":"http:\/\/www.tondointeractive.com\/lance8\/#website"},"primaryImageOfPage":{"@id":"http:\/\/www.tondointeractive.com\/lance8\/mode-musique-tres-bien-ensemble-a-rome-le-6-2-22-evenement-dora-giannetti\/#primaryimage"},"datePublished":"2022-02-06T14:16:19+00:00","dateModified":"2022-02-06T14:16:21+00:00","author":{"@id":"http:\/\/www.tondointeractive.com\/lance8\/#\/schema\/person\/7486292797ff9d3d35eff2394b2f268e"},"breadcrumb":{"@id":"http:\/\/www.tondointeractive.com\/lance8\/mode-musique-tres-bien-ensemble-a-rome-le-6-2-22-evenement-dora-giannetti\/#breadcrumb"},"inLanguage":"fr-FR","potentialAction":[{"@type":"ReadAction","target":["http:\/\/www.tondointeractive.com\/lance8\/mode-musique-tres-bien-ensemble-a-rome-le-6-2-22-evenement-dora-giannetti\/"]}]},{"@type":"BreadcrumbList","@id":"http:\/\/www.tondointeractive.com\/lance8\/mode-musique-tres-bien-ensemble-a-rome-le-6-2-22-evenement-dora-giannetti\/#breadcrumb","itemListElement":[{"@type":"ListItem","position":1,"name":"Accueil","item":"http:\/\/www.tondointeractive.com\/lance8\/"},{"@type":"ListItem","position":2,"name":"Mode &#038; musique tr\u00e8s bien ensemble \u00e0 Rome le 6\/2\/22 &#8211; \u00e9v\u00e9nement Dora Giannetti"}]},{"@type":"Person","@id":"http:\/\/www.tondointeractive.com\/lance8\/#\/schema\/person\/7486292797ff9d3d35eff2394b2f268e","name":"tondo","image":{"@type":"ImageObject","@id":"http:\/\/www.tondointeractive.com\/lance8\/#personlogo","inLanguage":"fr-FR","url":"http:\/\/2.gravatar.com\/avatar\/2c7d7b4a0346f83013c7c22505bcaec6?s=96&d=mm&r=g","contentUrl":"http:\/\/2.gravatar.com\/avatar\/2c7d7b4a0346f83013c7c22505bcaec6?s=96&d=mm&r=g","caption":"tondo"},"url":"http:\/\/www.tondointeractive.com\/lance8\/author\/tondo\/"}]}},"_links":{"self":[{"href":"http:\/\/www.tondointeractive.com\/lance8\/wp-json\/wp\/v2\/posts\/3620"}],"collection":[{"href":"http:\/\/www.tondointeractive.com\/lance8\/wp-json\/wp\/v2\/posts"}],"about":[{"href":"http:\/\/www.tondointeractive.com\/lance8\/wp-json\/wp\/v2\/types\/post"}],"author":[{"embeddable":true,"href":"http:\/\/www.tondointeractive.com\/lance8\/wp-json\/wp\/v2\/users\/1"}],"replies":[{"embeddable":true,"href":"http:\/\/www.tondointeractive.com\/lance8\/wp-json\/wp\/v2\/comments?post=3620"}],"version-history":[{"count":1,"href":"http:\/\/www.tondointeractive.com\/lance8\/wp-json\/wp\/v2\/posts\/3620\/revisions"}],"predecessor-version":[{"id":3622,"href":"http:\/\/www.tondointeractive.com\/lance8\/wp-json\/wp\/v2\/posts\/3620\/revisions\/3622"}],"wp:featuredmedia":[{"embeddable":true,"href":"http:\/\/www.tondointeractive.com\/lance8\/wp-json\/wp\/v2\/media\/3621"}],"wp:attachment":[{"href":"http:\/\/www.tondointeractive.com\/lance8\/wp-json\/wp\/v2\/media?parent=3620"}],"wp:term":[{"taxonomy":"category","embeddable":true,"href":"http:\/\/www.tondointeractive.com\/lance8\/wp-json\/wp\/v2\/categories?post=3620"},{"taxonomy":"post_tag","embeddable":true,"href":"http:\/\/www.tondointeractive.com\/lance8\/wp-json\/wp\/v2\/tags?post=3620"}],"curies":[{"name":"wp","href":"https:\/\/api.w.org\/{rel}","templated":true}]}}