{"id":2497,"date":"2017-12-20T15:43:55","date_gmt":"2017-12-20T14:43:55","guid":{"rendered":"http:\/\/www.tondointeractive.com\/lance8\/?p=2497"},"modified":"2017-12-20T18:13:04","modified_gmt":"2017-12-20T17:13:04","slug":"education-artistique-cle-de-voute-de-lacces-a-la-culture","status":"publish","type":"post","link":"http:\/\/www.tondointeractive.com\/lance8\/education-artistique-cle-de-voute-de-lacces-a-la-culture\/","title":{"rendered":"2 articles parus sur le site du Minist\u00e8re de la Culture, nos propositions en chansons et en film"},"content":{"rendered":"<p class=\"excerpt\">Pour concr\u00e9tiser l\u2019engagement du Pr\u00e9sident de la R\u00e9publique, la ministre de la Culture et le ministre de l\u2019\u00c9ducation nationale pr\u00e9sentent, lundi 11 d\u00e9cembre, au coll\u00e8ge Gustave Flaubert, \u00e0 Paris, un plan ambitieux pour qu\u2019il y ait, \u00e0 l\u2019horizon 2019, une chorale dans chaque \u00e9cole et dans chaque coll\u00e8ge. Retour sur l&#8217;\u00e9ducation artistique et culturelle, cl\u00e9 de vo\u00fbte de l&#8217;acc\u00e8s \u00e0 la culture.<\/p>\n<section class=\"story\">Pour son premier d\u00e9placement dans un \u00e9tablissement public culturel, Fran\u00e7oise Nyssen a choisi de placer cette visite sous le signe de l\u2019\u00e9ducation artistique et culturelle, priorit\u00e9 pr\u00e9sidentielle. Lire <a class=\"\" href=\"http:\/\/www.culturecommunication.gouv.fr\/%20http:\/\/www.culturecommunication.gouv.fr\/Presse\/Communiques-de-presse\/L-education-artistique-et-culturelle-priorite-du-quinquennat-au-coeur-du-deplacement-a-La-Villette-de-Francoise-Nyssen-ministre-de-la-Culture\">ici<\/a> le communiqu\u00e9 de ce premier d\u00e9placement \u00e0 La Villette.La ministre de la Culture, le ministre de l\u2019\u00c9ducation nationale et le ministre de l&#8217;Enseignement sup\u00e9rieur et de la Recherche veulent donner, d\u00e8s la rentr\u00e9e prochaine, une nouvelle impulsion \u00e0 l&#8217;\u00e9ducation artistique et culturelle.Pour cela, ils ont pr\u00e9sent\u00e9, \u00e0 l&#8217;issue de la premi\u00e8re r\u00e9union des recteurs et des directeurs r\u00e9gionaux des affaires culturelles qui s&#8217;est tenue le 4 juillet, leur m\u00e9thode et leur calendrier dans <a class=\"\" href=\"http:\/\/www.culturecommunication.gouv.fr\/Presse\/Communiques-de-presse\/Reunion-des-recteurs-et-des-directeurs-regionaux-des-Affaires-culturelles\">un communiqu\u00e9<\/a>.Le 15 juin, lors d&#8217;une intervention au congr\u00e8s de l\u2019Association des Biblioth\u00e9caires de France, Fran\u00e7oise Nyssen a confi\u00e9 \u00e0 l&#8217;acad\u00e9micien Erik Orsenna une mission aupr\u00e8s des collectivit\u00e9s territoriales pour &#8220;<em>promouvoir le projet d\u2019ouverture des biblioth\u00e8ques et recueillir les attentes des parties prenantes<\/em>&#8220;. Lire le communiqu\u00e9 de la ministre <a class=\"\" href=\"http:\/\/www.culturecommunication.gouv.fr\/Presse\/Communiques-de-presse\/Francoise-Nyssen-ministre-de-la-Culture-souhaite-organiser-un-debat-national-sur-l-ouverture-des-bibliotheques-et-confie-une-mission-a-Erik-Orsenna\">ici\u00a0<\/a> et l&#8217;int\u00e9gralit\u00e9 du discours <a class=\"\" href=\"http:\/\/www.culturecommunication.gouv.fr\/Presse\/Discours\/Discours-de-Francoise-Nyssen-au-Congres-de-l-Association-des-Bibliothecaires-de-France\">l\u00e0<\/a>.<\/section>\n<section class=\"story\">Le 26 juin, les ministres de la Culture et de l\u2019\u00c9ducation nationale ont appel\u00e9 \u00e0 la mise en place d&#8217;une &#8220;rentr\u00e9e en musique&#8221;. &#8220;<em>Les \u00e9coles, les coll\u00e8ges et les lyc\u00e9es sont invit\u00e9s \u00e0 accueillir, d\u00e8s septembre prochain, leurs nouveaux \u00e9l\u00e8ves en musique<\/em>&#8220;, expliquent Fran\u00e7oise Nyssen et Jean-Michel Blanquer. Lire le communiqu\u00e9 <a class=\"\" href=\"http:\/\/www.culturecommunication.gouv.fr\/Presse\/Communiques-de-presse\/Jean-Michel-Blanquer-ministre-de-l-Education-nationale-et-Francoise-Nyssen-ministre-de-la-Culture-offrent-une-rentree-en-musique-aux-eleves\">ici<\/a>.Avant la rentr\u00e9e des classes, le 4 septembre, Fran\u00e7oise Nyssen a fait le point sur la forte mobilisation de ses services et partenaires \u00e0 travers la France. A lire <a class=\"\" href=\"http:\/\/www.culturecommunication.gouv.fr\/Actualites\/Ecole-partage-et-cohesion-pour-la-rentree-en-musique\">ici<\/a>. &#8220;<em>En lan\u00e7ant la rentr\u00e9e des classes en musique, nous partons de l&#8217;id\u00e9e qu&#8217;une rentr\u00e9e peut \u00eatre joyeuse<\/em>&#8220;, a rappel\u00e9 la ministre.Fran\u00e7oise Nyssen, ministre de la Culture et Jean-Michel Blanquer, ministre de l\u2019\u00c9ducation nationale, ont salu\u00e9 le 7 septembre &#8220;<em>l\u2019engagement de tous pour la rentr\u00e9e en musique<\/em>&#8220;. &#8220;<em>Cette rentr\u00e9e amorce une action conjointe des minist\u00e8res de la Culture et de l\u2019\u00c9ducation nationale pour renforcer la place de l\u2019\u00e9ducation artistique et culturelle \u00e0 l\u2019\u00e9cole. \u00c0 ce titre, les deux minist\u00e8res vont mettre en commun leurs ressources et mobiliser leurs partenaires pour transmettre plus largement encore la culture et la pratique artistique<\/em>&#8220;, ont-ils soulign\u00e9. Leur communiqu\u00e9 est \u00e0 d\u00e9couvrir <a class=\"\" href=\"http:\/\/www.culturecommunication.gouv.fr\/Presse\/Communiques-de-presse\/Francoise-Nyssen-et-Jean-Michel-Blanquer-saluent-l-engagement-de-tous-pour-la-rentree-en-musique\">ici<\/a>.Pour concr\u00e9tiser l\u2019engagement du Pr\u00e9sident de la R\u00e9publique en faveur de la g\u00e9n\u00e9ralisation de l\u2019\u00e9ducation artistique et culturelle, Fran\u00e7oise Nyssen et Jean-Michel Blanquer se rendront, lundi 11 d\u00e9cembre, au coll\u00e8ge Gustave FLAUBERT \u00e0 Paris, dans le 13<sup>e<\/sup> arrondissement. Les deux ministres y pr\u00e9senteront un plan ambitieux pour qu\u2019il y ait, \u00e0 l\u2019horizon 2019, une chorale dans chaque \u00e9cole et dans chaque coll\u00e8ge. Ce plan chorale s\u2019appuie \u00e0 la fois sur la cr\u00e9ation d\u2019enseignements, l\u2019apport de moyens suppl\u00e9mentaires et la mobilisation du secteur associatif musical ainsi que les conservatoires auxquels le minist\u00e8re de la Culture apporte un soutien accru dans le cadre du PLF 2018.<\/section>\n<section class=\"story\">\n<h2><\/h2>\n<h2><strong>Lecture, musique, patrimoine&#8230; un nouvel \u00e9lan pour d\u00e9velopper les pratiques artistiques<\/strong><\/h2>\n<p>L&#8217;\u00e9ducation artistique passe aussi par le d\u00e9veloppement des pratiques artistiques, comme la lecture et l&#8217;appropriation du patrimoine. Lire <a class=\"\" href=\"http:\/\/www.culturecommunication.gouv.fr\/Actualites\/Jeunesse-un-ete-place-sous-le-signe-de-la-culture\">ici<\/a> notre article\u00a0sur deux manifestations jeune public organis\u00e9es par le minist\u00e8re de la Culture, &#8220;Partir en livre&#8221; et &#8220;C&#8217;est mon patrimoine&#8221;, et <a class=\"\" href=\"http:\/\/www.culturecommunication.gouv.fr\/Actualites\/Sorties-expositions\/Festival-d-Avignon-5-creations-incontournables-pour-le-jeune-public\">l\u00e0<\/a> notre article sur la visite de Fran\u00e7oise Nyssen au Festival d&#8217;Avignon o\u00f9 elle a assist\u00e9 aux repr\u00e9sentations de spectacles jeune public.<br \/>\nPendant l&#8217;\u00e9t\u00e9, plusieurs manifestations culturelles sont destin\u00e9es aux enfants qui ne partent pas en vacances. Lire <a class=\"\" href=\"http:\/\/www.culturecommunication.gouv.fr\/Presse\/Communiques-de-presse\/Francoise-Nyssen-salue-les-actions-culturelles-en-faveur-des-jeunes-pendant-la-periode-estivale\">ici<\/a> le communiqu\u00e9 o\u00f9 Fran\u00e7oise Nyssen assure, \u00e0 l&#8217;occasion de son d\u00e9placement du 24 juillet \u00e0 l&#8217;op\u00e9ration &#8220;Une journ\u00e9e de vacances \u00e0 Versailles&#8221; et au parc d&#8217;attractions litt\u00e9raires install\u00e9 \u00e0 Pantin, que &#8220;<em>la culture est constitutive du plaisir d\u2019apprendre<\/em>. <em>Et quel meilleur moment que les vacances pour s\u2019enrichir<\/em>&#8220;.<br \/>\nParmi les priorit\u00e9s affich\u00e9es de la ministre de la Culture, on trouve aussi l&#8217;acc\u00e8s de la jeunesse au livre et \u00e0 la lecture. A l&#8217;automne 2017, deux manifestations embl\u00e9matiques ont incontestablement consacr\u00e9 une ann\u00e9e charni\u00e8re pour le livre jeunesse : la foire du livre de Francfort et le salon du livre et de la presse jeunesse, \u00e0 Montreuil. Lire nos articles <a class=\"\" href=\"http:\/\/www.culturecommunication.gouv.fr\/Actualites\/Edition-jeunesse-l-audace-recompensee\">ici <\/a>et <a class=\"\" href=\"http:\/\/www.culturecommunication.gouv.fr\/Actualites\/Christophe-Honore-Au-livre-pour-enfant-je-prefere-l-idee-du-livre-a-l-enfant\">l\u00e0<\/a>.<br \/>\n&#8220;Rodin va \u00e0 l&#8217;h\u00f4pital&#8221; est un projet exemplaire con\u00e7u pour faire d\u00e9couvrir aux enfants malades de l\u2019h\u00f4pital Margency l\u2019\u0153uvre du grand sculpteur. L&#8217;entretien avec deux de ses conceptrices est \u00e0 lire <a class=\"\" href=\"http:\/\/www.culturecommunication.gouv.fr\/Actualites\/Rodin-va-a-l-hopital-quand-les-enfants-malades-s-approprient-l-oeuvre-du-grand-sculpteur\">ici<\/a>.<br \/>\nLes galeries d&#8217;art de Saint-Germain des Pr\u00e9s, des lieux &#8220;inaccessibles&#8221; et &#8220;intimidants&#8221; ? Lanc\u00e9 par le Comit\u00e9 professionnel des galeries d\u2019art, le programme &#8220;Les Yeux Ouverts&#8221; est con\u00e7u pour organiser des parcours artistiques au sein des galeries et mus\u00e9es \u00e0 l\u2019attention des \u00e9l\u00e8ves scolaris\u00e9s en r\u00e9seau d\u2019\u00e9ducation prioritaire.<\/p>\n<p>Notre reportage \u00e0 Saint-Germain-des-Pr\u00e9s lors d&#8217;une excursion avec les \u00e9l\u00e8ves de CE2 de l\u2019\u00e9cole Montaigne de Sevran \u00e0 lire <a class=\"\" href=\"http:\/\/www.culturecommunication.gouv.fr\/Actualites\/Quand-les-enfants-visitent-les-galeries-d-art-de-Saint-Germain-des-Pres\">ici : &#8220;Quand les enfants visitent les galeries d\u2019art de Saint-Germain-des-Pr\u00e9s&#8221;<\/a>. T\u00e9l\u00e9charger &#8220;La terre tourne&#8221; de Laurence Vielle &amp; Vincent Tondo pour mettre en sc\u00e8ne la ville o\u00f9 vous vous trouvez : <a href=\"https:\/\/itunes.apple.com\/fr\/album\/la-terre-tourne-single\/1218137322\">https:\/\/itunes.apple.com\/fr\/album\/la-terre-tourne-single\/1218137322 <\/a><\/p>\n<p>Autres chansons fran\u00e7aise d&#8217;Antoine-Guillaume &amp; Vincent Tondo :<br \/>\n&#8211; \u00c0 ma taille : <a href=\"https:\/\/itunes.apple.com\/fr\/album\/%C3%A0-ma-taille-single\/1233033401\">https:\/\/itunes.apple.com\/fr\/album\/%C3%A0-ma-taille-single\/1233033401<\/a><br \/>\n&#8211; Nue (nuage fille) : <a href=\"https:\/\/itunes.apple.com\/fr\/album\/nue-nuage-fille-single\/1271388048\">https:\/\/itunes.apple.com\/fr\/album\/nue-nuage-fille-single\/1271388048<\/a><\/p>\n<p>Acheter par correspondance les albums du collectif enseignant &#8220;Vincent Dominique Tondo \u00eb Fils&#8221; :<br \/>\n&#8211; <em>&#8220;Vincent Dominique Tondo \u00eb Fils &#8211; 20th anniversary&#8221;<\/em> (album d\u00e9pos\u00e9 au Minist\u00e8re de la Culture, accompagn\u00e9 d&#8217;un courrier concernant le projet &#8220;Santarella Francesca&#8221; &#8211; site web : <a href=\"http:\/\/www.quitusais.it\">www.quitusais.it<\/a> &#8211; :<br \/>\n<a href=\"http:\/\/www.tondointeractive.com\/lance8\/produit\/vincent-dominique-tondo-e-fils-20th-anniversary-album\/\">http:\/\/www.tondointeractive.com\/lance8\/produit\/vincent-dominique-tondo-e-fils-20th-anniversary-album\/<br \/>\n<\/a>&#8211; <em>&#8220;Tu veux jouer ? vuoi giocare con me&#8221;<\/em> :<br \/>\n<a href=\"http:\/\/www.tondointeractive.com\/lance8\/produit\/tu-veux-jouer-vuoi-giocare-con-me\/\">http:\/\/www.tondointeractive.com\/lance8\/produit\/tu-veux-jouer-vuoi-giocare-con-me\/<br \/>\n<\/a>&#8211; <em>&#8220;Il girotondo di Tondo&#8221;<\/em> :<br \/>\n<a href=\"http:\/\/www.tondointeractive.com\/lance8\/produit\/il-girotondo-di-tondo-2\/\">http:\/\/www.tondointeractive.com\/lance8\/produit\/il-girotondo-di-tondo-2\/<br \/>\n<\/a>&#8211; <em>&#8220;It&#8217;s a Song for Today ALL MY LIFE&#8221;<\/em> :<br \/>\n<a href=\"http:\/\/www.tondointeractive.com\/lance8\/produit\/its-a\/\">http:\/\/www.tondointeractive.com\/lance8\/produit\/its-a\/<br \/>\n<\/a>&#8211; <em>&#8220;Happy to be useful&#8221;<\/em> :<br \/>\n<a href=\"http:\/\/www.tondointeractive.com\/lance8\/produit\/happy-to-be-useful\/\">http:\/\/www.tondointeractive.com\/lance8\/produit\/happy-to-be-useful\/<br \/>\n<\/a>&#8211; <em>&#8220;Mondo&#8221;<\/em> : <a href=\"http:\/\/www.tondointeractive.com\/lance8\/produit\/mondo\/\">http:\/\/www.tondointeractive.com\/lance8\/produit\/mondo\/<br \/>\n<\/a>&#8211; &#8220;I feel the same &#8211; fifty years after the last Beatles concert&#8221; :<br \/>\n<a href=\"http:\/\/www.tondointeractive.com\/lance8\/produit\/i-feel-the-same-50-years-after-the-last-beatles-concert\/\">http:\/\/www.tondointeractive.com\/lance8\/produit\/i-feel-the-same-50-years-after-the-last-beatles-concert\/<\/a><\/p>\n<p>Commander le film &#8220;Tu veux jouer ? vuoi giocare con me&#8221; pour soutenir &#8220;Un enfant par la main-Enfants sans fronti\u00e8res&#8221; :<br \/>\n<a href=\"https:\/\/www.unenfantparlamain.org\/cine-concert-a-nice-avec-vincent-tondo\/\">https:\/\/www.unenfantparlamain.org\/cine-concert-a-nice-avec-vincent-tondo\/<\/a><\/p>\n<p>Inviter Tondo And Co dans votre salon :<br \/>\n<a href=\"https:\/\/www.concertenappart.com\/groupe_1080-Tondo_And_Co.html\">https:\/\/www.concertenappart.com\/groupe_1080-Tondo_And_Co.html<\/a><\/p>\n<p><em>Source : Minist\u00e8re de la Culture et de la Communication<\/em><\/p>\n<\/section>\n","protected":false},"excerpt":{"rendered":"<p>Pour concr\u00e9tiser l\u2019engagement du Pr\u00e9sident de la R\u00e9publique, la ministre de la Culture et le ministre de l\u2019\u00c9ducation nationale pr\u00e9sentent, lundi 11 d\u00e9cembre, au coll\u00e8ge Gustave Flaubert, \u00e0 Paris, un plan ambitieux pour qu\u2019il y ait, \u00e0 l\u2019horizon 2019, une chorale dans chaque \u00e9cole et dans chaque coll\u00e8ge. Retour sur l&#8217;\u00e9ducation artistique et culturelle, cl\u00e9 [&hellip;]<\/p>\n","protected":false},"author":1,"featured_media":2444,"comment_status":"open","ping_status":"open","sticky":false,"template":"","format":"standard","meta":[],"categories":[51],"tags":[],"yoast_head":"<!-- This site is optimized with the Yoast SEO plugin v18.0 - https:\/\/yoast.com\/wordpress\/plugins\/seo\/ -->\n<meta name=\"robots\" content=\"index, follow, max-snippet:-1, max-image-preview:large, max-video-preview:-1\" \/>\n<link rel=\"canonical\" href=\"http:\/\/www.tondointeractive.com\/lance8\/education-artistique-cle-de-voute-de-lacces-a-la-culture\/\" \/>\n<meta property=\"og:locale\" content=\"fr_FR\" \/>\n<meta property=\"og:type\" content=\"article\" \/>\n<meta property=\"og:title\" content=\"2 articles parus sur le site du Minist\u00e8re de la Culture, nos propositions en chansons et en film - Centre culturel italo-fran\u00e7ais\" \/>\n<meta property=\"og:description\" content=\"Pour concr\u00e9tiser l\u2019engagement du Pr\u00e9sident de la R\u00e9publique, la ministre de la Culture et le ministre de l\u2019\u00c9ducation nationale pr\u00e9sentent, lundi 11 d\u00e9cembre, au coll\u00e8ge Gustave Flaubert, \u00e0 Paris, un plan ambitieux pour qu\u2019il y ait, \u00e0 l\u2019horizon 2019, une chorale dans chaque \u00e9cole et dans chaque coll\u00e8ge. Retour sur l&#8217;\u00e9ducation artistique et culturelle, cl\u00e9 [&hellip;]\" \/>\n<meta property=\"og:url\" content=\"http:\/\/www.tondointeractive.com\/lance8\/education-artistique-cle-de-voute-de-lacces-a-la-culture\/\" \/>\n<meta property=\"og:site_name\" content=\"Centre culturel italo-fran\u00e7ais\" \/>\n<meta property=\"article:published_time\" content=\"2017-12-20T14:43:55+00:00\" \/>\n<meta property=\"article:modified_time\" content=\"2017-12-20T17:13:04+00:00\" \/>\n<meta property=\"og:image\" content=\"http:\/\/www.tondointeractive.com\/lance8\/wp-content\/uploads\/Capture-d\u2019e\u0301cran-2017-07-08-a\u0300-15.02.26v2-scaled.jpg\" \/>\n\t<meta property=\"og:image:width\" content=\"2560\" \/>\n\t<meta property=\"og:image:height\" content=\"1600\" \/>\n\t<meta property=\"og:image:type\" content=\"image\/jpeg\" \/>\n<meta name=\"twitter:card\" content=\"summary_large_image\" \/>\n<meta name=\"twitter:label1\" content=\"\u00c9crit par\" \/>\n\t<meta name=\"twitter:data1\" content=\"tondo\" \/>\n\t<meta name=\"twitter:label2\" content=\"Dur\u00e9e de lecture estim\u00e9e\" \/>\n\t<meta name=\"twitter:data2\" content=\"6 minutes\" \/>\n<script type=\"application\/ld+json\" class=\"yoast-schema-graph\">{\"@context\":\"https:\/\/schema.org\",\"@graph\":[{\"@type\":\"WebSite\",\"@id\":\"http:\/\/www.tondointeractive.com\/lance8\/#website\",\"url\":\"http:\/\/www.tondointeractive.com\/lance8\/\",\"name\":\"Centre culturel italo-fran\u00e7ais\",\"description\":\"\",\"potentialAction\":[{\"@type\":\"SearchAction\",\"target\":{\"@type\":\"EntryPoint\",\"urlTemplate\":\"http:\/\/www.tondointeractive.com\/lance8\/?s={search_term_string}\"},\"query-input\":\"required name=search_term_string\"}],\"inLanguage\":\"fr-FR\"},{\"@type\":\"ImageObject\",\"@id\":\"http:\/\/www.tondointeractive.com\/lance8\/education-artistique-cle-de-voute-de-lacces-a-la-culture\/#primaryimage\",\"inLanguage\":\"fr-FR\",\"url\":\"http:\/\/www.tondointeractive.com\/lance8\/wp-content\/uploads\/Capture-d\u2019e\u0301cran-2017-07-08-a\u0300-15.02.26v2-scaled.jpg\",\"contentUrl\":\"http:\/\/www.tondointeractive.com\/lance8\/wp-content\/uploads\/Capture-d\u2019e\u0301cran-2017-07-08-a\u0300-15.02.26v2-scaled.jpg\",\"width\":2560,\"height\":1600},{\"@type\":\"WebPage\",\"@id\":\"http:\/\/www.tondointeractive.com\/lance8\/education-artistique-cle-de-voute-de-lacces-a-la-culture\/#webpage\",\"url\":\"http:\/\/www.tondointeractive.com\/lance8\/education-artistique-cle-de-voute-de-lacces-a-la-culture\/\",\"name\":\"2 articles parus sur le site du Minist\u00e8re de la Culture, nos propositions en chansons et en film - Centre culturel italo-fran\u00e7ais\",\"isPartOf\":{\"@id\":\"http:\/\/www.tondointeractive.com\/lance8\/#website\"},\"primaryImageOfPage\":{\"@id\":\"http:\/\/www.tondointeractive.com\/lance8\/education-artistique-cle-de-voute-de-lacces-a-la-culture\/#primaryimage\"},\"datePublished\":\"2017-12-20T14:43:55+00:00\",\"dateModified\":\"2017-12-20T17:13:04+00:00\",\"author\":{\"@id\":\"http:\/\/www.tondointeractive.com\/lance8\/#\/schema\/person\/7486292797ff9d3d35eff2394b2f268e\"},\"breadcrumb\":{\"@id\":\"http:\/\/www.tondointeractive.com\/lance8\/education-artistique-cle-de-voute-de-lacces-a-la-culture\/#breadcrumb\"},\"inLanguage\":\"fr-FR\",\"potentialAction\":[{\"@type\":\"ReadAction\",\"target\":[\"http:\/\/www.tondointeractive.com\/lance8\/education-artistique-cle-de-voute-de-lacces-a-la-culture\/\"]}]},{\"@type\":\"BreadcrumbList\",\"@id\":\"http:\/\/www.tondointeractive.com\/lance8\/education-artistique-cle-de-voute-de-lacces-a-la-culture\/#breadcrumb\",\"itemListElement\":[{\"@type\":\"ListItem\",\"position\":1,\"name\":\"Accueil\",\"item\":\"http:\/\/www.tondointeractive.com\/lance8\/\"},{\"@type\":\"ListItem\",\"position\":2,\"name\":\"2 articles parus sur le site du Minist\u00e8re de la Culture, nos propositions en chansons et en film\"}]},{\"@type\":\"Person\",\"@id\":\"http:\/\/www.tondointeractive.com\/lance8\/#\/schema\/person\/7486292797ff9d3d35eff2394b2f268e\",\"name\":\"tondo\",\"image\":{\"@type\":\"ImageObject\",\"@id\":\"http:\/\/www.tondointeractive.com\/lance8\/#personlogo\",\"inLanguage\":\"fr-FR\",\"url\":\"http:\/\/2.gravatar.com\/avatar\/2c7d7b4a0346f83013c7c22505bcaec6?s=96&d=mm&r=g\",\"contentUrl\":\"http:\/\/2.gravatar.com\/avatar\/2c7d7b4a0346f83013c7c22505bcaec6?s=96&d=mm&r=g\",\"caption\":\"tondo\"},\"url\":\"http:\/\/www.tondointeractive.com\/lance8\/author\/tondo\/\"}]}<\/script>\n<!-- \/ Yoast SEO plugin. -->","yoast_head_json":{"robots":{"index":"index","follow":"follow","max-snippet":"max-snippet:-1","max-image-preview":"max-image-preview:large","max-video-preview":"max-video-preview:-1"},"canonical":"http:\/\/www.tondointeractive.com\/lance8\/education-artistique-cle-de-voute-de-lacces-a-la-culture\/","og_locale":"fr_FR","og_type":"article","og_title":"2 articles parus sur le site du Minist\u00e8re de la Culture, nos propositions en chansons et en film - Centre culturel italo-fran\u00e7ais","og_description":"Pour concr\u00e9tiser l\u2019engagement du Pr\u00e9sident de la R\u00e9publique, la ministre de la Culture et le ministre de l\u2019\u00c9ducation nationale pr\u00e9sentent, lundi 11 d\u00e9cembre, au coll\u00e8ge Gustave Flaubert, \u00e0 Paris, un plan ambitieux pour qu\u2019il y ait, \u00e0 l\u2019horizon 2019, une chorale dans chaque \u00e9cole et dans chaque coll\u00e8ge. Retour sur l&#8217;\u00e9ducation artistique et culturelle, cl\u00e9 [&hellip;]","og_url":"http:\/\/www.tondointeractive.com\/lance8\/education-artistique-cle-de-voute-de-lacces-a-la-culture\/","og_site_name":"Centre culturel italo-fran\u00e7ais","article_published_time":"2017-12-20T14:43:55+00:00","article_modified_time":"2017-12-20T17:13:04+00:00","og_image":[{"width":2560,"height":1600,"url":"http:\/\/www.tondointeractive.com\/lance8\/wp-content\/uploads\/Capture-d\u2019e\u0301cran-2017-07-08-a\u0300-15.02.26v2-scaled.jpg","type":"image\/jpeg"}],"twitter_card":"summary_large_image","twitter_misc":{"\u00c9crit par":"tondo","Dur\u00e9e de lecture estim\u00e9e":"6 minutes"},"schema":{"@context":"https:\/\/schema.org","@graph":[{"@type":"WebSite","@id":"http:\/\/www.tondointeractive.com\/lance8\/#website","url":"http:\/\/www.tondointeractive.com\/lance8\/","name":"Centre culturel italo-fran\u00e7ais","description":"","potentialAction":[{"@type":"SearchAction","target":{"@type":"EntryPoint","urlTemplate":"http:\/\/www.tondointeractive.com\/lance8\/?s={search_term_string}"},"query-input":"required name=search_term_string"}],"inLanguage":"fr-FR"},{"@type":"ImageObject","@id":"http:\/\/www.tondointeractive.com\/lance8\/education-artistique-cle-de-voute-de-lacces-a-la-culture\/#primaryimage","inLanguage":"fr-FR","url":"http:\/\/www.tondointeractive.com\/lance8\/wp-content\/uploads\/Capture-d\u2019e\u0301cran-2017-07-08-a\u0300-15.02.26v2-scaled.jpg","contentUrl":"http:\/\/www.tondointeractive.com\/lance8\/wp-content\/uploads\/Capture-d\u2019e\u0301cran-2017-07-08-a\u0300-15.02.26v2-scaled.jpg","width":2560,"height":1600},{"@type":"WebPage","@id":"http:\/\/www.tondointeractive.com\/lance8\/education-artistique-cle-de-voute-de-lacces-a-la-culture\/#webpage","url":"http:\/\/www.tondointeractive.com\/lance8\/education-artistique-cle-de-voute-de-lacces-a-la-culture\/","name":"2 articles parus sur le site du Minist\u00e8re de la Culture, nos propositions en chansons et en film - Centre culturel italo-fran\u00e7ais","isPartOf":{"@id":"http:\/\/www.tondointeractive.com\/lance8\/#website"},"primaryImageOfPage":{"@id":"http:\/\/www.tondointeractive.com\/lance8\/education-artistique-cle-de-voute-de-lacces-a-la-culture\/#primaryimage"},"datePublished":"2017-12-20T14:43:55+00:00","dateModified":"2017-12-20T17:13:04+00:00","author":{"@id":"http:\/\/www.tondointeractive.com\/lance8\/#\/schema\/person\/7486292797ff9d3d35eff2394b2f268e"},"breadcrumb":{"@id":"http:\/\/www.tondointeractive.com\/lance8\/education-artistique-cle-de-voute-de-lacces-a-la-culture\/#breadcrumb"},"inLanguage":"fr-FR","potentialAction":[{"@type":"ReadAction","target":["http:\/\/www.tondointeractive.com\/lance8\/education-artistique-cle-de-voute-de-lacces-a-la-culture\/"]}]},{"@type":"BreadcrumbList","@id":"http:\/\/www.tondointeractive.com\/lance8\/education-artistique-cle-de-voute-de-lacces-a-la-culture\/#breadcrumb","itemListElement":[{"@type":"ListItem","position":1,"name":"Accueil","item":"http:\/\/www.tondointeractive.com\/lance8\/"},{"@type":"ListItem","position":2,"name":"2 articles parus sur le site du Minist\u00e8re de la Culture, nos propositions en chansons et en film"}]},{"@type":"Person","@id":"http:\/\/www.tondointeractive.com\/lance8\/#\/schema\/person\/7486292797ff9d3d35eff2394b2f268e","name":"tondo","image":{"@type":"ImageObject","@id":"http:\/\/www.tondointeractive.com\/lance8\/#personlogo","inLanguage":"fr-FR","url":"http:\/\/2.gravatar.com\/avatar\/2c7d7b4a0346f83013c7c22505bcaec6?s=96&d=mm&r=g","contentUrl":"http:\/\/2.gravatar.com\/avatar\/2c7d7b4a0346f83013c7c22505bcaec6?s=96&d=mm&r=g","caption":"tondo"},"url":"http:\/\/www.tondointeractive.com\/lance8\/author\/tondo\/"}]}},"_links":{"self":[{"href":"http:\/\/www.tondointeractive.com\/lance8\/wp-json\/wp\/v2\/posts\/2497"}],"collection":[{"href":"http:\/\/www.tondointeractive.com\/lance8\/wp-json\/wp\/v2\/posts"}],"about":[{"href":"http:\/\/www.tondointeractive.com\/lance8\/wp-json\/wp\/v2\/types\/post"}],"author":[{"embeddable":true,"href":"http:\/\/www.tondointeractive.com\/lance8\/wp-json\/wp\/v2\/users\/1"}],"replies":[{"embeddable":true,"href":"http:\/\/www.tondointeractive.com\/lance8\/wp-json\/wp\/v2\/comments?post=2497"}],"version-history":[{"count":10,"href":"http:\/\/www.tondointeractive.com\/lance8\/wp-json\/wp\/v2\/posts\/2497\/revisions"}],"predecessor-version":[{"id":2507,"href":"http:\/\/www.tondointeractive.com\/lance8\/wp-json\/wp\/v2\/posts\/2497\/revisions\/2507"}],"wp:featuredmedia":[{"embeddable":true,"href":"http:\/\/www.tondointeractive.com\/lance8\/wp-json\/wp\/v2\/media\/2444"}],"wp:attachment":[{"href":"http:\/\/www.tondointeractive.com\/lance8\/wp-json\/wp\/v2\/media?parent=2497"}],"wp:term":[{"taxonomy":"category","embeddable":true,"href":"http:\/\/www.tondointeractive.com\/lance8\/wp-json\/wp\/v2\/categories?post=2497"},{"taxonomy":"post_tag","embeddable":true,"href":"http:\/\/www.tondointeractive.com\/lance8\/wp-json\/wp\/v2\/tags?post=2497"}],"curies":[{"name":"wp","href":"https:\/\/api.w.org\/{rel}","templated":true}]}}