{"id":1555,"date":"2012-08-18T10:16:21","date_gmt":"2012-08-18T09:16:21","guid":{"rendered":"http:\/\/www.tondointeractive.com\/lance8\/?p=1555"},"modified":"2016-02-21T22:18:28","modified_gmt":"2016-02-21T21:18:28","slug":"a-ma-taille","status":"publish","type":"post","link":"http:\/\/www.tondointeractive.com\/lance8\/a-ma-taille\/","title":{"rendered":"A MA TAILLE"},"content":{"rendered":"<p>Le titre de cet article fait r\u00e9f\u00e9rence a une chanson travaill\u00e9e avec Vincent &amp; R\u00e9mi Boniface. Nous l&#8217;avons jou\u00e9e en journ\u00e9e, en attendant le concert du soir, pr\u00e9vu \u00e0 Pergine Valsugana. La vedette am\u00e9ricaine de la soir\u00e9e a \u00e9t\u00e9 la chanson, film\u00e9e depuis la sc\u00e8ne par mon fils Antoine-Guillaume. Le concert a eu lieu PIAZZA MUNICPIO, le nom du festival <span class=\"text_exposed_show\">est MINORANZERO. J&#8217;attends toujours de voir ce qui a \u00e9t\u00e9 film\u00e9 au bas de la sc\u00e8ne par une cam\u00e9ra : celle de Renato Morelli sans doute. La chanson continue son chemin, jou\u00e9e en ma compagnie dans les Universit\u00e9s. La premi\u00e8re Universit\u00e9 a \u00e9t\u00e9 la Sorbonne o\u00f9 j&#8217;ai \u00e9t\u00e9 \u00e9tudiant. En allant \u00e0 cette adresse <a href=\"http:\/\/l.facebook.com\/l.php?u=http%3A%2F%2Fwww.tondovincent.com%2F&amp;h=MAQGEIkbE&amp;s=1\" target=\"_blank\" rel=\"nofollow\">www.tondovincent.com<\/a> , vous verrez une photo de ce concert inscrite dans une photo prise pendant un concert avec les Etudiants de Sciences Po Menton&#8230;Il m&#8217;arrive de temps en temps de croiser quelqu&#8217;un (quelqu&#8217;une en r\u00e9alit\u00e9) qui me demande : vous n&#8217;\u00eates pas le chanteur de &#8220;A MA TAILLE&#8221; &#8230; Mais elle raconte quoi, cette chanson au juste, j&#8217;ai envie de vous r\u00e9pondre : procurez vous le disque et l&#8217;histoire qui vous fera voyager de la ville o\u00f9 est mort celui qui a aboli l&#8217;esclavage au plus petit morceau de terre &#8220;perdu&#8221; dans l&#8217;oc\u00e9an et o\u00f9 l&#8217;on parle le fran\u00e7ais, parce qu&#8217;on aime vraiment \u00e7a. Demandez \u00e0 Adrien Berthier, actuellement directeur de l&#8217;Alliance Fran\u00e7aise de Nice, si ce n&#8217;est pas vrai. J&#8217;aime m&#8217;exprimer en fran\u00e7ais, quand j&#8217;\u00e9cris un article o\u00f9 une lettre, quand je chante, c&#8217;est un peu diff\u00e9rent : les langues r\u00e9gionales italiennes s&#8217;en m\u00ealent&#8230;et beaucoup, l&#8217;anglais aussi parce que, comme voix chant\u00e9e je suis n\u00e9 en Angleterre, \u00e0 Londres exactement, dans les studios de la BBC le 15 mai 1985. Pour recevoir l&#8217;histoire intitul\u00e9e A MA TAILLE, \u00e9crivez \u00e0 cette adresse thesouvenirtrain@hotmail.fr CASA FRANCESCA SANTARELLA 6 chemin d&#8217;Isly 38000 Grenoble (France)<\/span><\/p>\n","protected":false},"excerpt":{"rendered":"<p>Le titre de cet article fait r\u00e9f\u00e9rence a une chanson travaill\u00e9e avec Vincent &amp; R\u00e9mi Boniface. Nous l&#8217;avons jou\u00e9e en journ\u00e9e, en attendant le concert du soir, pr\u00e9vu \u00e0 Pergine Valsugana. La vedette am\u00e9ricaine de la soir\u00e9e a \u00e9t\u00e9 la chanson, film\u00e9e depuis la sc\u00e8ne par mon fils Antoine-Guillaume. Le concert a eu lieu PIAZZA [&hellip;]<\/p>\n","protected":false},"author":1,"featured_media":0,"comment_status":"open","ping_status":"open","sticky":false,"template":"","format":"standard","meta":[],"categories":[51],"tags":[],"yoast_head":"<!-- This site is optimized with the Yoast SEO plugin v18.0 - https:\/\/yoast.com\/wordpress\/plugins\/seo\/ -->\n<meta name=\"robots\" content=\"index, follow, max-snippet:-1, max-image-preview:large, max-video-preview:-1\" \/>\n<link rel=\"canonical\" href=\"http:\/\/www.tondointeractive.com\/lance8\/a-ma-taille\/\" \/>\n<meta property=\"og:locale\" content=\"fr_FR\" \/>\n<meta property=\"og:type\" content=\"article\" \/>\n<meta property=\"og:title\" content=\"A MA TAILLE - Centre culturel italo-fran\u00e7ais\" \/>\n<meta property=\"og:description\" content=\"Le titre de cet article fait r\u00e9f\u00e9rence a une chanson travaill\u00e9e avec Vincent &amp; R\u00e9mi Boniface. Nous l&#8217;avons jou\u00e9e en journ\u00e9e, en attendant le concert du soir, pr\u00e9vu \u00e0 Pergine Valsugana. La vedette am\u00e9ricaine de la soir\u00e9e a \u00e9t\u00e9 la chanson, film\u00e9e depuis la sc\u00e8ne par mon fils Antoine-Guillaume. Le concert a eu lieu PIAZZA [&hellip;]\" \/>\n<meta property=\"og:url\" content=\"http:\/\/www.tondointeractive.com\/lance8\/a-ma-taille\/\" \/>\n<meta property=\"og:site_name\" content=\"Centre culturel italo-fran\u00e7ais\" \/>\n<meta property=\"article:published_time\" content=\"2012-08-18T09:16:21+00:00\" \/>\n<meta property=\"article:modified_time\" content=\"2016-02-21T21:18:28+00:00\" \/>\n<meta name=\"twitter:card\" content=\"summary_large_image\" \/>\n<meta name=\"twitter:label1\" content=\"\u00c9crit par\" \/>\n\t<meta name=\"twitter:data1\" content=\"tondo\" \/>\n\t<meta name=\"twitter:label2\" content=\"Dur\u00e9e de lecture estim\u00e9e\" \/>\n\t<meta name=\"twitter:data2\" content=\"2 minutes\" \/>\n<script type=\"application\/ld+json\" class=\"yoast-schema-graph\">{\"@context\":\"https:\/\/schema.org\",\"@graph\":[{\"@type\":\"WebSite\",\"@id\":\"http:\/\/www.tondointeractive.com\/lance8\/#website\",\"url\":\"http:\/\/www.tondointeractive.com\/lance8\/\",\"name\":\"Centre culturel italo-fran\u00e7ais\",\"description\":\"\",\"potentialAction\":[{\"@type\":\"SearchAction\",\"target\":{\"@type\":\"EntryPoint\",\"urlTemplate\":\"http:\/\/www.tondointeractive.com\/lance8\/?s={search_term_string}\"},\"query-input\":\"required name=search_term_string\"}],\"inLanguage\":\"fr-FR\"},{\"@type\":\"WebPage\",\"@id\":\"http:\/\/www.tondointeractive.com\/lance8\/a-ma-taille\/#webpage\",\"url\":\"http:\/\/www.tondointeractive.com\/lance8\/a-ma-taille\/\",\"name\":\"A MA TAILLE - Centre culturel italo-fran\u00e7ais\",\"isPartOf\":{\"@id\":\"http:\/\/www.tondointeractive.com\/lance8\/#website\"},\"datePublished\":\"2012-08-18T09:16:21+00:00\",\"dateModified\":\"2016-02-21T21:18:28+00:00\",\"author\":{\"@id\":\"http:\/\/www.tondointeractive.com\/lance8\/#\/schema\/person\/7486292797ff9d3d35eff2394b2f268e\"},\"breadcrumb\":{\"@id\":\"http:\/\/www.tondointeractive.com\/lance8\/a-ma-taille\/#breadcrumb\"},\"inLanguage\":\"fr-FR\",\"potentialAction\":[{\"@type\":\"ReadAction\",\"target\":[\"http:\/\/www.tondointeractive.com\/lance8\/a-ma-taille\/\"]}]},{\"@type\":\"BreadcrumbList\",\"@id\":\"http:\/\/www.tondointeractive.com\/lance8\/a-ma-taille\/#breadcrumb\",\"itemListElement\":[{\"@type\":\"ListItem\",\"position\":1,\"name\":\"Accueil\",\"item\":\"http:\/\/www.tondointeractive.com\/lance8\/\"},{\"@type\":\"ListItem\",\"position\":2,\"name\":\"A MA TAILLE\"}]},{\"@type\":\"Person\",\"@id\":\"http:\/\/www.tondointeractive.com\/lance8\/#\/schema\/person\/7486292797ff9d3d35eff2394b2f268e\",\"name\":\"tondo\",\"image\":{\"@type\":\"ImageObject\",\"@id\":\"http:\/\/www.tondointeractive.com\/lance8\/#personlogo\",\"inLanguage\":\"fr-FR\",\"url\":\"http:\/\/2.gravatar.com\/avatar\/2c7d7b4a0346f83013c7c22505bcaec6?s=96&d=mm&r=g\",\"contentUrl\":\"http:\/\/2.gravatar.com\/avatar\/2c7d7b4a0346f83013c7c22505bcaec6?s=96&d=mm&r=g\",\"caption\":\"tondo\"},\"url\":\"http:\/\/www.tondointeractive.com\/lance8\/author\/tondo\/\"}]}<\/script>\n<!-- \/ Yoast SEO plugin. -->","yoast_head_json":{"robots":{"index":"index","follow":"follow","max-snippet":"max-snippet:-1","max-image-preview":"max-image-preview:large","max-video-preview":"max-video-preview:-1"},"canonical":"http:\/\/www.tondointeractive.com\/lance8\/a-ma-taille\/","og_locale":"fr_FR","og_type":"article","og_title":"A MA TAILLE - Centre culturel italo-fran\u00e7ais","og_description":"Le titre de cet article fait r\u00e9f\u00e9rence a une chanson travaill\u00e9e avec Vincent &amp; R\u00e9mi Boniface. Nous l&#8217;avons jou\u00e9e en journ\u00e9e, en attendant le concert du soir, pr\u00e9vu \u00e0 Pergine Valsugana. La vedette am\u00e9ricaine de la soir\u00e9e a \u00e9t\u00e9 la chanson, film\u00e9e depuis la sc\u00e8ne par mon fils Antoine-Guillaume. Le concert a eu lieu PIAZZA [&hellip;]","og_url":"http:\/\/www.tondointeractive.com\/lance8\/a-ma-taille\/","og_site_name":"Centre culturel italo-fran\u00e7ais","article_published_time":"2012-08-18T09:16:21+00:00","article_modified_time":"2016-02-21T21:18:28+00:00","twitter_card":"summary_large_image","twitter_misc":{"\u00c9crit par":"tondo","Dur\u00e9e de lecture estim\u00e9e":"2 minutes"},"schema":{"@context":"https:\/\/schema.org","@graph":[{"@type":"WebSite","@id":"http:\/\/www.tondointeractive.com\/lance8\/#website","url":"http:\/\/www.tondointeractive.com\/lance8\/","name":"Centre culturel italo-fran\u00e7ais","description":"","potentialAction":[{"@type":"SearchAction","target":{"@type":"EntryPoint","urlTemplate":"http:\/\/www.tondointeractive.com\/lance8\/?s={search_term_string}"},"query-input":"required name=search_term_string"}],"inLanguage":"fr-FR"},{"@type":"WebPage","@id":"http:\/\/www.tondointeractive.com\/lance8\/a-ma-taille\/#webpage","url":"http:\/\/www.tondointeractive.com\/lance8\/a-ma-taille\/","name":"A MA TAILLE - Centre culturel italo-fran\u00e7ais","isPartOf":{"@id":"http:\/\/www.tondointeractive.com\/lance8\/#website"},"datePublished":"2012-08-18T09:16:21+00:00","dateModified":"2016-02-21T21:18:28+00:00","author":{"@id":"http:\/\/www.tondointeractive.com\/lance8\/#\/schema\/person\/7486292797ff9d3d35eff2394b2f268e"},"breadcrumb":{"@id":"http:\/\/www.tondointeractive.com\/lance8\/a-ma-taille\/#breadcrumb"},"inLanguage":"fr-FR","potentialAction":[{"@type":"ReadAction","target":["http:\/\/www.tondointeractive.com\/lance8\/a-ma-taille\/"]}]},{"@type":"BreadcrumbList","@id":"http:\/\/www.tondointeractive.com\/lance8\/a-ma-taille\/#breadcrumb","itemListElement":[{"@type":"ListItem","position":1,"name":"Accueil","item":"http:\/\/www.tondointeractive.com\/lance8\/"},{"@type":"ListItem","position":2,"name":"A MA TAILLE"}]},{"@type":"Person","@id":"http:\/\/www.tondointeractive.com\/lance8\/#\/schema\/person\/7486292797ff9d3d35eff2394b2f268e","name":"tondo","image":{"@type":"ImageObject","@id":"http:\/\/www.tondointeractive.com\/lance8\/#personlogo","inLanguage":"fr-FR","url":"http:\/\/2.gravatar.com\/avatar\/2c7d7b4a0346f83013c7c22505bcaec6?s=96&d=mm&r=g","contentUrl":"http:\/\/2.gravatar.com\/avatar\/2c7d7b4a0346f83013c7c22505bcaec6?s=96&d=mm&r=g","caption":"tondo"},"url":"http:\/\/www.tondointeractive.com\/lance8\/author\/tondo\/"}]}},"_links":{"self":[{"href":"http:\/\/www.tondointeractive.com\/lance8\/wp-json\/wp\/v2\/posts\/1555"}],"collection":[{"href":"http:\/\/www.tondointeractive.com\/lance8\/wp-json\/wp\/v2\/posts"}],"about":[{"href":"http:\/\/www.tondointeractive.com\/lance8\/wp-json\/wp\/v2\/types\/post"}],"author":[{"embeddable":true,"href":"http:\/\/www.tondointeractive.com\/lance8\/wp-json\/wp\/v2\/users\/1"}],"replies":[{"embeddable":true,"href":"http:\/\/www.tondointeractive.com\/lance8\/wp-json\/wp\/v2\/comments?post=1555"}],"version-history":[{"count":1,"href":"http:\/\/www.tondointeractive.com\/lance8\/wp-json\/wp\/v2\/posts\/1555\/revisions"}],"predecessor-version":[{"id":1556,"href":"http:\/\/www.tondointeractive.com\/lance8\/wp-json\/wp\/v2\/posts\/1555\/revisions\/1556"}],"wp:attachment":[{"href":"http:\/\/www.tondointeractive.com\/lance8\/wp-json\/wp\/v2\/media?parent=1555"}],"wp:term":[{"taxonomy":"category","embeddable":true,"href":"http:\/\/www.tondointeractive.com\/lance8\/wp-json\/wp\/v2\/categories?post=1555"},{"taxonomy":"post_tag","embeddable":true,"href":"http:\/\/www.tondointeractive.com\/lance8\/wp-json\/wp\/v2\/tags?post=1555"}],"curies":[{"name":"wp","href":"https:\/\/api.w.org\/{rel}","templated":true}]}}