{"id":1213,"date":"2015-03-02T12:17:00","date_gmt":"2015-03-02T11:17:00","guid":{"rendered":"http:\/\/www.tondointeractive.com\/lance8\/?p=1213"},"modified":"2016-02-13T16:59:52","modified_gmt":"2016-02-13T15:59:52","slug":"anniversaire-dhuguette-lebel-au-quebec","status":"publish","type":"post","link":"http:\/\/www.tondointeractive.com\/lance8\/anniversaire-dhuguette-lebel-au-quebec\/","title":{"rendered":"Anniversaire d&#8217;Huguette Lebel au Qu\u00e9bec"},"content":{"rendered":"<p>Huguette Lebel est une femme qui d\u00e9fend un bon, un beau et un vrai futur, et pour ces trois raisons, elle n&#8217;est pas pr\u00e8s d&#8217;\u00eatre fatigu\u00e9e d&#8217;\u00eatre jeune, et de sourire \u00e0 la vie. Aujourd&#8217;hui, un peu partout dans le monde de ceux qui ont et auront toujours envie d&#8217;aimer, c&#8217;est la f\u00eate, une f\u00eate en couleurs dont on se souviendra longtemps : l&#8217;anniversaire de Huguette Lebel ! Le groupe Vincent Dominique Tondo \u00eb FILS &#8211; celui du film pr\u00e9sent\u00e9 par Pierre Boyer &#8211; vous invite \u00e0 imaginer cette f\u00eate, c&#8217;est \u00e0 dire \u00e0 la vivre, pour la paix, pour le bien de tous !<a href=\"http:\/\/www.tondointeractive.com\/lance8\/wp-content\/uploads\/466741_299829203483870_676668056_o.jpg\"><img loading=\"lazy\" class=\"alignnone size-medium wp-image-1215\" src=\"http:\/\/www.tondointeractive.com\/lance8\/wp-content\/uploads\/466741_299829203483870_676668056_o-300x156.jpg\" alt=\"466741_299829203483870_676668056_o\" width=\"300\" height=\"156\" srcset=\"http:\/\/www.tondointeractive.com\/lance8\/wp-content\/uploads\/466741_299829203483870_676668056_o-300x156.jpg 300w, http:\/\/www.tondointeractive.com\/lance8\/wp-content\/uploads\/466741_299829203483870_676668056_o-1024x532.jpg 1024w, http:\/\/www.tondointeractive.com\/lance8\/wp-content\/uploads\/466741_299829203483870_676668056_o-1920x998.jpg 1920w, http:\/\/www.tondointeractive.com\/lance8\/wp-content\/uploads\/466741_299829203483870_676668056_o-960x499.jpg 960w, http:\/\/www.tondointeractive.com\/lance8\/wp-content\/uploads\/466741_299829203483870_676668056_o-600x312.jpg 600w, http:\/\/www.tondointeractive.com\/lance8\/wp-content\/uploads\/466741_299829203483870_676668056_o-480x249.jpg 480w, http:\/\/www.tondointeractive.com\/lance8\/wp-content\/uploads\/466741_299829203483870_676668056_o-100x52.jpg 100w, http:\/\/www.tondointeractive.com\/lance8\/wp-content\/uploads\/466741_299829203483870_676668056_o.jpg 2000w\" sizes=\"(max-width: 300px) 100vw, 300px\" \/><\/a><br \/>\n<iframe loading=\"lazy\" src=\"http:\/\/www.tondointeractive.com\/huguettelebel\/\" name=\"huguettelebel\" width=\"560\" height=\"260\"><\/iframe><\/p>\n<p>&nbsp;<\/p>\n<blockquote><p>Exposition PICTURAL VINCENT TONDO<br \/>\nparticiper en cliquant ci-dessous :<br \/>\n<a href=\"https:\/\/www.facebook.com\/events\/1675421132742980\/\">https:\/\/www.facebook.com\/events\/1675421132742980\/<\/a><\/p><\/blockquote>\n","protected":false},"excerpt":{"rendered":"<p>Huguette Lebel est une femme qui d\u00e9fend un bon, un beau et un vrai futur, et pour ces trois raisons, elle n&#8217;est pas pr\u00e8s d&#8217;\u00eatre fatigu\u00e9e d&#8217;\u00eatre jeune, et de sourire \u00e0 la vie. Aujourd&#8217;hui, un peu partout dans le monde de ceux qui ont et auront toujours envie d&#8217;aimer, c&#8217;est la f\u00eate, une f\u00eate [&hellip;]<\/p>\n","protected":false},"author":1,"featured_media":0,"comment_status":"open","ping_status":"open","sticky":false,"template":"","format":"standard","meta":[],"categories":[51],"tags":[],"yoast_head":"<!-- This site is optimized with the Yoast SEO plugin v18.0 - https:\/\/yoast.com\/wordpress\/plugins\/seo\/ -->\n<meta name=\"robots\" content=\"index, follow, max-snippet:-1, max-image-preview:large, max-video-preview:-1\" \/>\n<link rel=\"canonical\" href=\"http:\/\/www.tondointeractive.com\/lance8\/anniversaire-dhuguette-lebel-au-quebec\/\" \/>\n<meta property=\"og:locale\" content=\"fr_FR\" \/>\n<meta property=\"og:type\" content=\"article\" \/>\n<meta property=\"og:title\" content=\"Anniversaire d&#039;Huguette Lebel au Qu\u00e9bec - Centre culturel italo-fran\u00e7ais\" \/>\n<meta property=\"og:description\" content=\"Huguette Lebel est une femme qui d\u00e9fend un bon, un beau et un vrai futur, et pour ces trois raisons, elle n&#8217;est pas pr\u00e8s d&#8217;\u00eatre fatigu\u00e9e d&#8217;\u00eatre jeune, et de sourire \u00e0 la vie. Aujourd&#8217;hui, un peu partout dans le monde de ceux qui ont et auront toujours envie d&#8217;aimer, c&#8217;est la f\u00eate, une f\u00eate [&hellip;]\" \/>\n<meta property=\"og:url\" content=\"http:\/\/www.tondointeractive.com\/lance8\/anniversaire-dhuguette-lebel-au-quebec\/\" \/>\n<meta property=\"og:site_name\" content=\"Centre culturel italo-fran\u00e7ais\" \/>\n<meta property=\"article:published_time\" content=\"2015-03-02T11:17:00+00:00\" \/>\n<meta property=\"article:modified_time\" content=\"2016-02-13T15:59:52+00:00\" \/>\n<meta property=\"og:image\" content=\"http:\/\/www.tondointeractive.com\/lance8\/wp-content\/uploads\/466741_299829203483870_676668056_o-300x156.jpg\" \/>\n<meta name=\"twitter:card\" content=\"summary_large_image\" \/>\n<meta name=\"twitter:label1\" content=\"\u00c9crit par\" \/>\n\t<meta name=\"twitter:data1\" content=\"tondo\" \/>\n\t<meta name=\"twitter:label2\" content=\"Dur\u00e9e de lecture estim\u00e9e\" \/>\n\t<meta name=\"twitter:data2\" content=\"1 minute\" \/>\n<script type=\"application\/ld+json\" class=\"yoast-schema-graph\">{\"@context\":\"https:\/\/schema.org\",\"@graph\":[{\"@type\":\"WebSite\",\"@id\":\"http:\/\/www.tondointeractive.com\/lance8\/#website\",\"url\":\"http:\/\/www.tondointeractive.com\/lance8\/\",\"name\":\"Centre culturel italo-fran\u00e7ais\",\"description\":\"\",\"potentialAction\":[{\"@type\":\"SearchAction\",\"target\":{\"@type\":\"EntryPoint\",\"urlTemplate\":\"http:\/\/www.tondointeractive.com\/lance8\/?s={search_term_string}\"},\"query-input\":\"required name=search_term_string\"}],\"inLanguage\":\"fr-FR\"},{\"@type\":\"ImageObject\",\"@id\":\"http:\/\/www.tondointeractive.com\/lance8\/anniversaire-dhuguette-lebel-au-quebec\/#primaryimage\",\"inLanguage\":\"fr-FR\",\"url\":\"http:\/\/www.tondointeractive.com\/lance8\/wp-content\/uploads\/466741_299829203483870_676668056_o.jpg\",\"contentUrl\":\"http:\/\/www.tondointeractive.com\/lance8\/wp-content\/uploads\/466741_299829203483870_676668056_o.jpg\",\"width\":2000,\"height\":1040},{\"@type\":\"WebPage\",\"@id\":\"http:\/\/www.tondointeractive.com\/lance8\/anniversaire-dhuguette-lebel-au-quebec\/#webpage\",\"url\":\"http:\/\/www.tondointeractive.com\/lance8\/anniversaire-dhuguette-lebel-au-quebec\/\",\"name\":\"Anniversaire d'Huguette Lebel au Qu\u00e9bec - Centre culturel italo-fran\u00e7ais\",\"isPartOf\":{\"@id\":\"http:\/\/www.tondointeractive.com\/lance8\/#website\"},\"primaryImageOfPage\":{\"@id\":\"http:\/\/www.tondointeractive.com\/lance8\/anniversaire-dhuguette-lebel-au-quebec\/#primaryimage\"},\"datePublished\":\"2015-03-02T11:17:00+00:00\",\"dateModified\":\"2016-02-13T15:59:52+00:00\",\"author\":{\"@id\":\"http:\/\/www.tondointeractive.com\/lance8\/#\/schema\/person\/7486292797ff9d3d35eff2394b2f268e\"},\"breadcrumb\":{\"@id\":\"http:\/\/www.tondointeractive.com\/lance8\/anniversaire-dhuguette-lebel-au-quebec\/#breadcrumb\"},\"inLanguage\":\"fr-FR\",\"potentialAction\":[{\"@type\":\"ReadAction\",\"target\":[\"http:\/\/www.tondointeractive.com\/lance8\/anniversaire-dhuguette-lebel-au-quebec\/\"]}]},{\"@type\":\"BreadcrumbList\",\"@id\":\"http:\/\/www.tondointeractive.com\/lance8\/anniversaire-dhuguette-lebel-au-quebec\/#breadcrumb\",\"itemListElement\":[{\"@type\":\"ListItem\",\"position\":1,\"name\":\"Accueil\",\"item\":\"http:\/\/www.tondointeractive.com\/lance8\/\"},{\"@type\":\"ListItem\",\"position\":2,\"name\":\"Anniversaire d&#8217;Huguette Lebel au Qu\u00e9bec\"}]},{\"@type\":\"Person\",\"@id\":\"http:\/\/www.tondointeractive.com\/lance8\/#\/schema\/person\/7486292797ff9d3d35eff2394b2f268e\",\"name\":\"tondo\",\"image\":{\"@type\":\"ImageObject\",\"@id\":\"http:\/\/www.tondointeractive.com\/lance8\/#personlogo\",\"inLanguage\":\"fr-FR\",\"url\":\"http:\/\/2.gravatar.com\/avatar\/2c7d7b4a0346f83013c7c22505bcaec6?s=96&d=mm&r=g\",\"contentUrl\":\"http:\/\/2.gravatar.com\/avatar\/2c7d7b4a0346f83013c7c22505bcaec6?s=96&d=mm&r=g\",\"caption\":\"tondo\"},\"url\":\"http:\/\/www.tondointeractive.com\/lance8\/author\/tondo\/\"}]}<\/script>\n<!-- \/ Yoast SEO plugin. -->","yoast_head_json":{"robots":{"index":"index","follow":"follow","max-snippet":"max-snippet:-1","max-image-preview":"max-image-preview:large","max-video-preview":"max-video-preview:-1"},"canonical":"http:\/\/www.tondointeractive.com\/lance8\/anniversaire-dhuguette-lebel-au-quebec\/","og_locale":"fr_FR","og_type":"article","og_title":"Anniversaire d'Huguette Lebel au Qu\u00e9bec - Centre culturel italo-fran\u00e7ais","og_description":"Huguette Lebel est une femme qui d\u00e9fend un bon, un beau et un vrai futur, et pour ces trois raisons, elle n&#8217;est pas pr\u00e8s d&#8217;\u00eatre fatigu\u00e9e d&#8217;\u00eatre jeune, et de sourire \u00e0 la vie. Aujourd&#8217;hui, un peu partout dans le monde de ceux qui ont et auront toujours envie d&#8217;aimer, c&#8217;est la f\u00eate, une f\u00eate [&hellip;]","og_url":"http:\/\/www.tondointeractive.com\/lance8\/anniversaire-dhuguette-lebel-au-quebec\/","og_site_name":"Centre culturel italo-fran\u00e7ais","article_published_time":"2015-03-02T11:17:00+00:00","article_modified_time":"2016-02-13T15:59:52+00:00","og_image":[{"url":"http:\/\/www.tondointeractive.com\/lance8\/wp-content\/uploads\/466741_299829203483870_676668056_o-300x156.jpg"}],"twitter_card":"summary_large_image","twitter_misc":{"\u00c9crit par":"tondo","Dur\u00e9e de lecture estim\u00e9e":"1 minute"},"schema":{"@context":"https:\/\/schema.org","@graph":[{"@type":"WebSite","@id":"http:\/\/www.tondointeractive.com\/lance8\/#website","url":"http:\/\/www.tondointeractive.com\/lance8\/","name":"Centre culturel italo-fran\u00e7ais","description":"","potentialAction":[{"@type":"SearchAction","target":{"@type":"EntryPoint","urlTemplate":"http:\/\/www.tondointeractive.com\/lance8\/?s={search_term_string}"},"query-input":"required name=search_term_string"}],"inLanguage":"fr-FR"},{"@type":"ImageObject","@id":"http:\/\/www.tondointeractive.com\/lance8\/anniversaire-dhuguette-lebel-au-quebec\/#primaryimage","inLanguage":"fr-FR","url":"http:\/\/www.tondointeractive.com\/lance8\/wp-content\/uploads\/466741_299829203483870_676668056_o.jpg","contentUrl":"http:\/\/www.tondointeractive.com\/lance8\/wp-content\/uploads\/466741_299829203483870_676668056_o.jpg","width":2000,"height":1040},{"@type":"WebPage","@id":"http:\/\/www.tondointeractive.com\/lance8\/anniversaire-dhuguette-lebel-au-quebec\/#webpage","url":"http:\/\/www.tondointeractive.com\/lance8\/anniversaire-dhuguette-lebel-au-quebec\/","name":"Anniversaire d'Huguette Lebel au Qu\u00e9bec - Centre culturel italo-fran\u00e7ais","isPartOf":{"@id":"http:\/\/www.tondointeractive.com\/lance8\/#website"},"primaryImageOfPage":{"@id":"http:\/\/www.tondointeractive.com\/lance8\/anniversaire-dhuguette-lebel-au-quebec\/#primaryimage"},"datePublished":"2015-03-02T11:17:00+00:00","dateModified":"2016-02-13T15:59:52+00:00","author":{"@id":"http:\/\/www.tondointeractive.com\/lance8\/#\/schema\/person\/7486292797ff9d3d35eff2394b2f268e"},"breadcrumb":{"@id":"http:\/\/www.tondointeractive.com\/lance8\/anniversaire-dhuguette-lebel-au-quebec\/#breadcrumb"},"inLanguage":"fr-FR","potentialAction":[{"@type":"ReadAction","target":["http:\/\/www.tondointeractive.com\/lance8\/anniversaire-dhuguette-lebel-au-quebec\/"]}]},{"@type":"BreadcrumbList","@id":"http:\/\/www.tondointeractive.com\/lance8\/anniversaire-dhuguette-lebel-au-quebec\/#breadcrumb","itemListElement":[{"@type":"ListItem","position":1,"name":"Accueil","item":"http:\/\/www.tondointeractive.com\/lance8\/"},{"@type":"ListItem","position":2,"name":"Anniversaire d&#8217;Huguette Lebel au Qu\u00e9bec"}]},{"@type":"Person","@id":"http:\/\/www.tondointeractive.com\/lance8\/#\/schema\/person\/7486292797ff9d3d35eff2394b2f268e","name":"tondo","image":{"@type":"ImageObject","@id":"http:\/\/www.tondointeractive.com\/lance8\/#personlogo","inLanguage":"fr-FR","url":"http:\/\/2.gravatar.com\/avatar\/2c7d7b4a0346f83013c7c22505bcaec6?s=96&d=mm&r=g","contentUrl":"http:\/\/2.gravatar.com\/avatar\/2c7d7b4a0346f83013c7c22505bcaec6?s=96&d=mm&r=g","caption":"tondo"},"url":"http:\/\/www.tondointeractive.com\/lance8\/author\/tondo\/"}]}},"_links":{"self":[{"href":"http:\/\/www.tondointeractive.com\/lance8\/wp-json\/wp\/v2\/posts\/1213"}],"collection":[{"href":"http:\/\/www.tondointeractive.com\/lance8\/wp-json\/wp\/v2\/posts"}],"about":[{"href":"http:\/\/www.tondointeractive.com\/lance8\/wp-json\/wp\/v2\/types\/post"}],"author":[{"embeddable":true,"href":"http:\/\/www.tondointeractive.com\/lance8\/wp-json\/wp\/v2\/users\/1"}],"replies":[{"embeddable":true,"href":"http:\/\/www.tondointeractive.com\/lance8\/wp-json\/wp\/v2\/comments?post=1213"}],"version-history":[{"count":5,"href":"http:\/\/www.tondointeractive.com\/lance8\/wp-json\/wp\/v2\/posts\/1213\/revisions"}],"predecessor-version":[{"id":1494,"href":"http:\/\/www.tondointeractive.com\/lance8\/wp-json\/wp\/v2\/posts\/1213\/revisions\/1494"}],"wp:attachment":[{"href":"http:\/\/www.tondointeractive.com\/lance8\/wp-json\/wp\/v2\/media?parent=1213"}],"wp:term":[{"taxonomy":"category","embeddable":true,"href":"http:\/\/www.tondointeractive.com\/lance8\/wp-json\/wp\/v2\/categories?post=1213"},{"taxonomy":"post_tag","embeddable":true,"href":"http:\/\/www.tondointeractive.com\/lance8\/wp-json\/wp\/v2\/tags?post=1213"}],"curies":[{"name":"wp","href":"https:\/\/api.w.org\/{rel}","templated":true}]}}